{"id":71862,"date":"2026-09-02T10:00:00","date_gmt":"2026-09-02T08:00:00","guid":{"rendered":"https:\/\/www.isvin.fr\/?p=71862"},"modified":"2026-08-11T13:57:18","modified_gmt":"2026-08-11T11:57:18","slug":"la-filiere-vitivinicole-recrute-metiers-et-debouches","status":"publish","type":"post","link":"https:\/\/www.isvin.fr\/en\/2026\/09\/02\/la-filiere-vitivinicole-recrute-metiers-et-debouches\/","title":{"rendered":"La fili\u00e8re vitivinicole recrute : m\u00e9tiers et d\u00e9bouch\u00e9s"},"content":{"rendered":"<p class=\"wp-block-paragraph\"><em><strong>Choisir de se former aux m\u00e9tiers du vin, c\u2019est int\u00e9grer une fili\u00e8re qui offre de r\u00e9elles perspectives professionnelles.<\/strong> De la vigne \u00e0 la commercialisation d\u2019une bouteille, le secteur vitivinicole mobilise une grande diversit\u00e9 de comp\u00e9tences : production, commerce, distribution, export, marketing, communication ou encore exp\u00e9rience client. Les besoins en recrutement observ\u00e9s dans la fili\u00e8re et la diversit\u00e9 des entreprises qui la composent montrent qu\u2019il existe de nombreux d\u00e9bouch\u00e9s pour les jeunes dipl\u00f4m\u00e9s, \u00e0 condition de conjuguer connaissance du produit et comp\u00e9tences professionnelles.<\/em><\/p>\n\n\n\n<div style=\"height:50px\" aria-hidden=\"true\" class=\"wp-block-spacer\"><\/div>\n\n\n\n<div class=\"wp-block-media-text is-stacked-on-mobile\" style=\"grid-template-columns:26% auto\"><figure class=\"wp-block-media-text__media\"><img alt=\"l1320356\" decoding=\"async\" width=\"683\" height=\"1024\" src=\"https:\/\/www.isvin.fr\/wp-content\/uploads\/2026\/08\/L1320356-683x1024.jpg\" class=\"wp-image-71863 size-full\" srcset=\"https:\/\/www.isvin.fr\/wp-content\/uploads\/2026\/08\/L1320356-683x1024.jpg 683w, https:\/\/www.isvin.fr\/wp-content\/uploads\/2026\/08\/L1320356-200x300.jpg 200w, https:\/\/www.isvin.fr\/wp-content\/uploads\/2026\/08\/L1320356-768x1152.jpg 768w, https:\/\/www.isvin.fr\/wp-content\/uploads\/2026\/08\/L1320356-1024x1536.jpg 1024w, https:\/\/www.isvin.fr\/wp-content\/uploads\/2026\/08\/L1320356-1365x2048.jpg 1365w, https:\/\/www.isvin.fr\/wp-content\/uploads\/2026\/08\/L1320356-8x12.jpg 8w, https:\/\/www.isvin.fr\/wp-content\/uploads\/2026\/08\/L1320356-scaled.jpg 1707w\" sizes=\"(max-width: 683px) 100vw, 683px\" \/><\/figure><div class=\"wp-block-media-text__content\">\n<h4 class=\"wp-block-heading\"><strong>La fili\u00e8re vitivinicole : un secteur qui g\u00e9n\u00e8re de nombreux besoins en recrutement<\/strong>.<\/h4>\n\n\n\n<div style=\"height:10px\" aria-hidden=\"true\" class=\"wp-block-spacer\"><\/div>\n\n\n\n<p class=\"wp-block-paragraph\">Lorsque l\u2019on pense aux m\u00e9tiers du vin, on imagine souvent en premier lieu le vigneron, l\u2019\u0153nologue ou le sommelier. Pourtant, <strong>la fili\u00e8re vitivinicole constitue un \u00e9cosyst\u00e8me \u00e9conomique beaucoup plus large<\/strong>, dans lequel interviennent des milliers d\u2019entreprises et une grande diversit\u00e9 de m\u00e9tiers.<\/p>\n\n\n\n<p class=\"wp-block-paragraph\">Les donn\u00e9es de France Travail illustrent l\u2019importance des besoins en main-d\u2019\u0153uvre dans la partie amont de la fili\u00e8re. Son enqu\u00eate annuelle sur les Besoins en Main-d\u2019\u0152uvre permet notamment d\u2019identifier les projets de recrutement des employeurs dans l\u2019agriculture et la viticulture. Une partie importante de ces recrutements est certes saisonni\u00e8re, notamment en raison des vendanges et des travaux de la vigne, mais ces volumes t\u00e9moignent d\u2019une activit\u00e9 qui n\u00e9cessite chaque ann\u00e9e de nombreux professionnels.<\/p>\n\n\n\n<p class=\"wp-block-paragraph\"><strong>L\u2019employabilit\u00e9 dans le vin ne doit toutefois pas \u00eatre analys\u00e9e uniquement \u00e0 travers les emplois dans les vignes.<\/strong> Une bouteille mobilise une cha\u00eene de valeur compl\u00e8te : production, conditionnement, n\u00e9goce, logistique, distribution, commercialisation, communication, export ou encore vente au consommateur.<\/p>\n\n\n\n<p class=\"wp-block-paragraph\">C\u2019est justement cette diversit\u00e9 qui constitue l\u2019une des forces du secteur pour les \u00e9tudiants : <strong>une formation sp\u00e9cialis\u00e9e dans les vins et spiritueux ne conduit pas \u00e0 un m\u00e9tier unique, mais \u00e0 une multitude de fonctions et d\u2019environnements professionnels.<\/strong><\/p>\n<\/div><\/div>\n\n\n\n<div style=\"height:50px\" aria-hidden=\"true\" class=\"wp-block-spacer\"><\/div>\n\n\n\n<div class=\"wp-block-media-text has-media-on-the-right is-stacked-on-mobile\" style=\"grid-template-columns:auto 28%\"><div class=\"wp-block-media-text__content\">\n<h4 class=\"wp-block-heading\"><strong>Commerce, distribution et export : des comp\u00e9tences directement valorisables<\/strong>.<\/h4>\n\n\n\n<div style=\"height:10px\" aria-hidden=\"true\" class=\"wp-block-spacer\"><\/div>\n\n\n\n<p class=\"wp-block-paragraph\">Une fois le vin produit, il faut le vendre. Et c\u2019est pr\u00e9cis\u00e9ment sur cette partie de la cha\u00eene de valeur que se trouvent de nombreux d\u00e9bouch\u00e9s adapt\u00e9s aux dipl\u00f4m\u00e9s d\u2019une \u00e9cole sp\u00e9cialis\u00e9e en vins et spiritueux.<\/p>\n\n\n\n<p class=\"wp-block-paragraph\"><strong>Commercial vins et spiritueux, technico-commercial, responsable de secteur, business developer, caviste, responsable de caveau, responsable grands comptes ou commercial export<\/strong> : les possibilit\u00e9s sont nombreuses.<\/p>\n\n\n\n<p class=\"wp-block-paragraph\">Le r\u00e9f\u00e9rentiel de comp\u00e9tences du <strong>BTSA technico-commercial \u2013 univers jardins et animaux de compagnie, vins, bi\u00e8res et spiritueux<\/strong>, enregistr\u00e9 aupr\u00e8s de France Comp\u00e9tences, illustre par exemple la diversit\u00e9 des environnements professionnels concern\u00e9s : domaines viticoles, maisons de n\u00e9goce, coop\u00e9ratives, caves, caveaux, distribution ou commerce sp\u00e9cialis\u00e9.<\/p>\n\n\n\n<p class=\"wp-block-paragraph\">Ces entreprises recherchent des collaborateurs qui ne poss\u00e8dent pas uniquement des comp\u00e9tences commerciales. Dans le secteur du vin, <strong>la connaissance du produit constitue une v\u00e9ritable valeur ajout\u00e9e<\/strong>.<\/p>\n\n\n\n<p class=\"wp-block-paragraph\">Comprendre un terroir, expliquer un c\u00e9page, pr\u00e9senter une appellation, analyser un vin ou conseiller un client permet de construire un discours commercial beaucoup plus pertinent. \u00c0 ces connaissances s\u2019ajoutent des comp\u00e9tences transf\u00e9rables recherch\u00e9es sur le march\u00e9 du travail : n\u00e9gociation, prospection, gestion de portefeuille clients, strat\u00e9gie commerciale, digital ou langues \u00e9trang\u00e8res.<\/p>\n\n\n\n<p class=\"wp-block-paragraph\">C\u2019est cette <strong>double comp\u00e9tence \u201cproduit + business\u201d<\/strong> qui peut renforcer l\u2019employabilit\u00e9 des jeunes dipl\u00f4m\u00e9s.<\/p>\n\n\n\n<p class=\"wp-block-paragraph\">La vente sp\u00e9cialis\u00e9e constitue \u00e9galement un d\u00e9bouch\u00e9. L\u2019Onisep souligne par exemple la dimension commerciale et de conseil du m\u00e9tier de caviste : connaissance des produits, s\u00e9lection des r\u00e9f\u00e9rences, conseil, relation client et gestion du point de vente sont \u00e9troitement li\u00e9s.<\/p>\n<\/div><figure class=\"wp-block-media-text__media\"><img decoding=\"async\" width=\"682\" height=\"1024\" src=\"https:\/\/www.isvin.fr\/wp-content\/uploads\/2026\/08\/713ca438c3e77fd334ad409fc775d601-682x1024.jpg\" alt=\"713ca438c3e77fd334ad409fc775d601\" class=\"wp-image-71875 size-full\" srcset=\"https:\/\/www.isvin.fr\/wp-content\/uploads\/2026\/08\/713ca438c3e77fd334ad409fc775d601-682x1024.jpg 682w, https:\/\/www.isvin.fr\/wp-content\/uploads\/2026\/08\/713ca438c3e77fd334ad409fc775d601-200x300.jpg 200w, https:\/\/www.isvin.fr\/wp-content\/uploads\/2026\/08\/713ca438c3e77fd334ad409fc775d601-8x12.jpg 8w, https:\/\/www.isvin.fr\/wp-content\/uploads\/2026\/08\/713ca438c3e77fd334ad409fc775d601.jpg 735w\" sizes=\"(max-width: 682px) 100vw, 682px\" \/><\/figure><\/div>\n\n\n\n<div style=\"height:50px\" aria-hidden=\"true\" class=\"wp-block-spacer\"><\/div>\n\n\n\n<div class=\"wp-block-media-text is-stacked-on-mobile\" style=\"grid-template-columns:35% auto\"><figure class=\"wp-block-media-text__media\"><img decoding=\"async\" width=\"683\" height=\"1024\" src=\"https:\/\/www.isvin.fr\/wp-content\/uploads\/2026\/08\/effa61ff938c7cd5c444fe248e685aa4-683x1024.jpg\" alt=\"effa61ff938c7cd5c444fe248e685aa4\" class=\"wp-image-71882 size-full\" srcset=\"https:\/\/www.isvin.fr\/wp-content\/uploads\/2026\/08\/effa61ff938c7cd5c444fe248e685aa4-683x1024.jpg 683w, https:\/\/www.isvin.fr\/wp-content\/uploads\/2026\/08\/effa61ff938c7cd5c444fe248e685aa4-200x300.jpg 200w, https:\/\/www.isvin.fr\/wp-content\/uploads\/2026\/08\/effa61ff938c7cd5c444fe248e685aa4-8x12.jpg 8w, https:\/\/www.isvin.fr\/wp-content\/uploads\/2026\/08\/effa61ff938c7cd5c444fe248e685aa4.jpg 700w\" sizes=\"(max-width: 683px) 100vw, 683px\" \/><\/figure><div class=\"wp-block-media-text__content\">\n<h4 class=\"wp-block-heading\"><strong>Se sp\u00e9cialiser dans le vin pour renforcer son employabilit\u00e9<\/strong>.<\/h4>\n\n\n\n<p class=\"wp-block-paragraph\">Dans un march\u00e9 du vin qui \u00e9volue, les entreprises ont besoin de professionnels capables de comprendre \u00e0 la fois <strong>le produit, le consommateur et les enjeux \u00e9conomiques de la fili\u00e8re<\/strong>.<\/p>\n\n\n\n<p class=\"wp-block-paragraph\">C\u2019est pourquoi les d\u00e9bouch\u00e9s d\u00e9passent aujourd\u2019hui les m\u00e9tiers traditionnellement associ\u00e9s au vin. Un dipl\u00f4m\u00e9 sp\u00e9cialis\u00e9 peut \u00e9voluer vers le <strong>commerce, le d\u00e9veloppement international, la distribution, le marketing, la communication, l\u2019\u00e9v\u00e9nementiel ou l\u2019\u0153notourisme<\/strong>, selon son niveau de formation, ses comp\u00e9tences et ses exp\u00e9riences professionnelles.<\/p>\n\n\n\n<p class=\"wp-block-paragraph\">Cette polyvalence est un v\u00e9ritable atout. Une maison de vin peut, par exemple, avoir besoin de d\u00e9velopper son portefeuille de clients professionnels, de renforcer sa pr\u00e9sence digitale, d\u2019animer son caveau, de d\u00e9velopper ses ventes directes ou encore de conqu\u00e9rir de nouveaux march\u00e9s \u00e0 l\u2019international.<\/p>\n\n\n\n<p class=\"wp-block-paragraph\">La sp\u00e9cialisation vins et spiritueux permet alors de se diff\u00e9rencier d\u2019un profil g\u00e9n\u00e9raliste : <strong>les comp\u00e9tences en commerce, marketing ou management sont associ\u00e9es \u00e0 une connaissance concr\u00e8te de la fili\u00e8re et de ses produits.<\/strong><\/p>\n\n\n\n<p class=\"wp-block-paragraph\">L\u2019alternance joue \u00e9galement un r\u00f4le essentiel dans cette employabilit\u00e9. Elle permet d\u2019acqu\u00e9rir une premi\u00e8re exp\u00e9rience significative, de comprendre le fonctionnement d\u2019une entreprise du secteur, de d\u00e9velopper des comp\u00e9tences op\u00e9rationnelles et surtout de commencer \u00e0 construire son r\u00e9seau professionnel avant m\u00eame l\u2019obtention du dipl\u00f4me.<\/p>\n\n\n\n<p class=\"wp-block-paragraph\"><strong>Se former aux vins et spiritueux, c\u2019est donc se pr\u00e9parer \u00e0 travailler dans une fili\u00e8re aux d\u00e9bouch\u00e9s multiples.<\/strong> Domaines viticoles, maisons de n\u00e9goce, caves coop\u00e9ratives, cavistes, distributeurs, entreprises de spiritueux, interprofessions, CHR ou acteurs du commerce international : autant d\u2019environnements dans lesquels les comp\u00e9tences sp\u00e9cialis\u00e9es peuvent trouver leur place.<\/p>\n<\/div><\/div>\n\n\n\n<div style=\"height:50px\" aria-hidden=\"true\" class=\"wp-block-spacer\"><\/div>\n\n\n\n<p class=\"wp-block-paragraph\"><strong>L\u2019enjeu pour les futurs professionnels n\u2019est plus seulement de \u201cconna\u00eetre le vin\u201d, mais de transformer cette expertise en comp\u00e9tences op\u00e9rationnelles recherch\u00e9es par les entreprises. C\u2019est pr\u00e9cis\u00e9ment cette association entre culture produit, exp\u00e9rience professionnelle et comp\u00e9tences business qui favorise l\u2019employabilit\u00e9 dans la fili\u00e8re vins et spiritueux.<\/strong><\/p>\n\n\n\n<p class=\"wp-block-paragraph\"><strong>Sources : <\/strong><\/p>\n\n\n\n<ul class=\"wp-block-list\">\n<li>\u00a0<a href=\"https:\/\/statistiques.francetravail.org\/bmo\/\">Consulter l\u2019enqu\u00eate Besoins en Main-d\u2019\u0152uvre de France Travail<\/a><\/li>\n\n\n\n<li><a href=\"https:\/\/www.francecompetences.fr\/recherche\/rncp\/38344\/\">Consulter la fiche France Comp\u00e9tences<\/a><\/li>\n\n\n\n<li><a href=\"https:\/\/www.onisep.fr\/ressources\/univers-metier\/metiers\/vendeur-vendeuse-conseil-caviste\">D\u00e9couvrir le m\u00e9tier de vendeur-conseil caviste \u2013 Onisep<\/a><\/li>\n<\/ul>\n\n\n\n<div style=\"height:50px\" aria-hidden=\"true\" class=\"wp-block-spacer\"><\/div>","protected":false},"excerpt":{"rendered":"<p>Choisir de se former aux m\u00e9tiers du vin, c\u2019est int\u00e9grer une fili\u00e8re qui offre de r\u00e9elles perspectives professionnelles. De la vigne \u00e0 la commercialisation d\u2019une bouteille, le secteur vitivinicole mobilise une grande diversit\u00e9 de comp\u00e9tences : production, commerce, distribution, export, marketing, communication ou encore exp\u00e9rience client. Les besoins en recrutement observ\u00e9s dans la fili\u00e8re et [&hellip;]<\/p>\n","protected":false},"author":153251,"featured_media":71863,"comment_status":"closed","ping_status":"closed","sticky":false,"template":"","format":"standard","meta":{"_acf_changed":false,"_seopress_titles_title":"La fili\u00e8re vitivinicole recrute : m\u00e9tiers et d\u00e9bouch\u00e9s.","_seopress_titles_desc":"La fili\u00e8re vitivinicole offre de nombreux d\u00e9bouch\u00e9s : commerce, production, export, distribution\u2026 D\u00e9couvrez les m\u00e9tiers du vin et les opportunit\u00e9s d\u2019emploi.","_seopress_robots_index":"","_seopress_robots_follow":"","_seopress_robots_imageindex":"","_seopress_robots_snippet":"","_seopress_robots_primary_cat":"","_seopress_robots_breadcrumbs":"","_seopress_robots_freeze_modified_date":"","_seopress_robots_custom_modified_date":"","_seopress_robots_canonical":"","_seopress_social_fb_title":"","_seopress_social_fb_desc":"","_seopress_social_fb_img":"","_seopress_social_fb_img_attachment_id":0,"_seopress_social_fb_img_width":0,"_seopress_social_fb_img_height":0,"_seopress_social_twitter_title":"","_seopress_social_twitter_desc":"","_seopress_social_twitter_img":"","_seopress_social_twitter_img_attachment_id":0,"_seopress_social_twitter_img_width":0,"_seopress_social_twitter_img_height":0,"_seopress_redirections_value":"","_seopress_redirections_enabled":"","_seopress_redirections_enabled_regex":"","_seopress_redirections_logged_status":"","_seopress_redirections_param":"","_seopress_redirections_type":0,"_seopress_analysis_target_kw":"m\u00e9tiers du vin qui recrutent,emploi vin,recrutement vin,fili\u00e8re vitivinicole,emploi viticulture,travailler dans le vin,m\u00e9tiers vins et spiritueux,formation vin,\u00e9cole du vin,commercial vin,commerce vins et spiritueux,responsable export vin,caviste,\u0153nologue,technico-commercial vin,alternance vin,emploi viticole,m\u00e9tiers viticulture,d\u00e9bouch\u00e9s vins et spiritueux,ISV,Institut Sup\u00e9rieur du Vin","_seopress_news_disabled":"","_seopress_video_disabled":"","_seopress_video":[],"_seopress_pro_schemas_manual":[],"_seopress_pro_rich_snippets_disable_all":"","_seopress_pro_rich_snippets_disable":[],"_seopress_pro_schemas":[],"footnotes":"","_members_access_role":[],"_members_access_error":""},"categories":[8,6,5],"tags":[],"class_list":["post-71862","post","type-post","status-publish","format-standard","has-post-thumbnail","hentry","category-actualites","category-de-lisv","category-du-blog"],"acf":[],"_links":{"self":[{"href":"https:\/\/www.isvin.fr\/en\/wp-json\/wp\/v2\/posts\/71862","targetHints":{"allow":["GET"]}}],"collection":[{"href":"https:\/\/www.isvin.fr\/en\/wp-json\/wp\/v2\/posts"}],"about":[{"href":"https:\/\/www.isvin.fr\/en\/wp-json\/wp\/v2\/types\/post"}],"author":[{"embeddable":true,"href":"https:\/\/www.isvin.fr\/en\/wp-json\/wp\/v2\/users\/153251"}],"replies":[{"embeddable":true,"href":"https:\/\/www.isvin.fr\/en\/wp-json\/wp\/v2\/comments?post=71862"}],"version-history":[{"count":16,"href":"https:\/\/www.isvin.fr\/en\/wp-json\/wp\/v2\/posts\/71862\/revisions"}],"predecessor-version":[{"id":71889,"href":"https:\/\/www.isvin.fr\/en\/wp-json\/wp\/v2\/posts\/71862\/revisions\/71889"}],"wp:featuredmedia":[{"embeddable":true,"href":"https:\/\/www.isvin.fr\/en\/wp-json\/wp\/v2\/media\/71863"}],"wp:attachment":[{"href":"https:\/\/www.isvin.fr\/en\/wp-json\/wp\/v2\/media?parent=71862"}],"wp:term":[{"taxonomy":"category","embeddable":true,"href":"https:\/\/www.isvin.fr\/en\/wp-json\/wp\/v2\/categories?post=71862"},{"taxonomy":"post_tag","embeddable":true,"href":"https:\/\/www.isvin.fr\/en\/wp-json\/wp\/v2\/tags?post=71862"}],"curies":[{"name":"wp","href":"https:\/\/api.w.org\/{rel}","templated":true}]}}