{"id":29018,"date":"2026-03-16T10:00:00","date_gmt":"2026-03-16T09:00:00","guid":{"rendered":"https:\/\/www.isvin.fr\/?p=29018"},"modified":"2026-03-05T15:42:49","modified_gmt":"2026-03-05T14:42:49","slug":"du-bassin-de-thau-a-la-vente-en-caveau-le-parcours-de-lucian-morgo","status":"publish","type":"post","link":"https:\/\/www.isvin.fr\/en\/2026\/03\/16\/du-bassin-de-thau-a-la-vente-en-caveau-le-parcours-de-lucian-morgo\/","title":{"rendered":"Du bassin de Thau \u00e0 la vente en caveau : le parcours de Lucian Morgo."},"content":{"rendered":"<div class=\"wp-block-media-text is-stacked-on-mobile\" style=\"grid-template-columns:45% auto\"><figure class=\"wp-block-media-text__media\"><img alt=\"\" decoding=\"async\" width=\"400\" height=\"600\" src=\"https:\/\/www.isvin.fr\/wp-content\/uploads\/2026\/03\/Lucian-MORGO1.jpg\" class=\"wp-image-29021 size-full\" srcset=\"https:\/\/www.isvin.fr\/wp-content\/uploads\/2026\/03\/Lucian-MORGO1.jpg 400w, https:\/\/www.isvin.fr\/wp-content\/uploads\/2026\/03\/Lucian-MORGO1-200x300.jpg 200w, https:\/\/www.isvin.fr\/wp-content\/uploads\/2026\/03\/Lucian-MORGO1-8x12.jpg 8w\" sizes=\"(max-width: 400px) 100vw, 400px\" \/><\/figure><div class=\"wp-block-media-text__content\">\n<h4 class=\"wp-block-heading\">Peux-tu te pr\u00e9senter en quelques mots ?<\/h4>\n\n\n\n<p><em>\u00ab\u00a0Je m\u2019appelle Lucian Morgo, j\u2019ai 20 ans et je suis originaire du bassin de Thau. Je suis actuellement en B<a href=\"https:\/\/www.isvin.fr\/en\/training\/bachelor-in-wine-sales-and-marketing\/?_gl=1*1omituh*_up*MQ..*_gs*MQ..&amp;gclid=CjwKCAiAhP67BhAVEiwA2E_9gy8TsiMizZUZHmbErSabS4G9jJGhl05XbRkHyfFL5D-ZL0d5dSq_-RoCFH4QAvD_BwE\">achelor Commerce et Marketing des Vins et Spiritueux<\/a> \u00e0 l\u2019<a href=\"http:\/\/www.isvin.fr\/en\/\" data-type=\"link\" data-id=\"www.isvin.fr\">Institut Sup\u00e9rieur du Vin<\/a> et alternant \u00e0 Beauvignac \u00e0 Pom\u00e9rols et Meze.\u00a0\u00bb<\/em><\/p>\n\n\n\n<h4 class=\"wp-block-heading\">Quel a \u00e9t\u00e9 ton parcours avant d\u2019int\u00e9grer l\u2019Institut Sup\u00e9rieur du Vin ?<\/h4>\n\n\n\n<p><em>\u00ab\u00a0Avant d\u2019int\u00e9grer l\u2019Institut Sup\u00e9rieur du Vin, j\u2019ai eu un Bac g\u00e9n\u00e9ral puis un BTS Technico-commercial vins, bi\u00e8res et spiritueux en initial.\u00a0\u00bb<\/em><\/p>\n\n\n\n<h4 class=\"wp-block-heading\">Qu\u2019est-ce qui t\u2019a donn\u00e9 envie de t\u2019orienter vers le secteur du vin ?<\/h4>\n\n\n\n<p><em>\u00ab\u00a0La r\u00e9gion et commune (Villeveyrac) dans laquelle j\u2019ai grandi. Le terroir, puis le produit le vin qui est un produit noble.\u00a0\u00bb<\/em><\/p>\n\n\n\n<h4 class=\"wp-block-heading\">Quel poste occupes-tu en alternance et quelles sont tes principales missions ?<\/h4>\n\n\n\n<p><em>\u00ab\u00a0Je suis actuellement vendeur caveau sur les caveaux de M\u00e8ze et Pom\u00e9rols, mes principales missions sont la d\u00e9gustation, conseil client, facing, r\u00e9approvisionnement, encaissement et gestion des stocks.\u00a0\u00bb<\/em><\/p>\n\n\n\n<h4 class=\"wp-block-heading\">Qu\u2019est-ce qui te passionne le plus dans l\u2019univers du vin ?<\/h4>\n\n\n\n<p><em>\u00ab\u00a0Ce qui me passionne le plus dans l\u2019univers du vin ce sont les diff\u00e9rents paysages viticoles fran\u00e7ais et la diversit\u00e9.\u00a0\u00bb<\/em><\/p>\n\n\n\n<h4 class=\"wp-block-heading\">Comment ton caract\u00e8re t\u2019aide-t-il dans ce secteur ?<\/h4>\n\n\n\n<p><em>\u00ab\u00a0Je suis de nature joyeux et \u00e0 l\u2019\u00e9coute ce qui me sert beaucoup dans ce secteur ou le relationnel y est omnipr\u00e9sent. Le sourire et la politesse \u00e0 l\u2019accueil du client est la cl\u00e9 de la vente.\u00a0\u00bb<\/em><\/p>\n\n\n\n<h4 class=\"wp-block-heading\">Quels sont tes objectifs professionnels apr\u00e8s ta formation ?<\/h4>\n\n\n\n<p><em>\u00ab\u00a0Mes objectifs personnels apr\u00e8s ma formation sont d\u2019int\u00e9grer un domaine ou une cave coop\u00e9rative et en devenir commercial afin de promouvoir le vin du Languedoc et de l\u2019H\u00e9rault sur des salons \u2026\u00a0\u00bb<\/em><\/p>\n\n\n\n<h4 class=\"wp-block-heading\">Si tu \u00e9tais un vin, lequel serais-tu\u2026 et pourquoi ?<\/h4>\n\n\n\n<p><em>\u00ab\u00a0Je serai M\u00e9li-M\u00e9lo du domaine de Roquemale (Villeveyrac) car ce vin est compos\u00e9 majoritairement d\u2019Alicante Bouschet c\u00e9page que j\u2019appr\u00e9cie \u00e9norm\u00e9ment. De plus c\u2019est un c\u00e9page authentique et atypique et qui pour moi est t\u00e9moin du terroir languedocien. Il me ressemble.\u00a0\u00bb<\/em><\/p>\n<\/div><\/div>\n\n\n\n<div style=\"height:25px\" aria-hidden=\"true\" class=\"wp-block-spacer\"><\/div>\n\n\n\n<h4 class=\"wp-block-heading\">Quel conseil donnerais-tu \u00e0 un futur \u00e9tudiant qui h\u00e9site \u00e0 rejoindre l\u2019Institut Sup\u00e9rieur du Vin ?<\/h4>\n\n\n\n<p><em>\u00ab\u00a0Le vin est un domaine tr\u00e8s vaste, il y a mille chemins possibles : commerce, \u0153notourisme, production, marketing, sommellerie, export\u2026 L&rsquo;Institut Sup\u00e9rieur du Vin est tr\u00e8s orient\u00e9 m\u00e9tier, c\u2019est une \u00e9cole reconnue pour son approche pratique et professionnalisante, il y a plein d\u2019intervenants ext\u00e9rieurs qui sont des professionnels avec beaucoup d\u2019exp\u00e9riences prestigieuses dans le domaine viticole.\u00a0\u00bb<\/em><\/p>\n\n\n\n<p class=\"has-text-align-right\"><strong>Lucian Morgo &#8211; Etudiant en Bachelor Commerce et Marketing des Vins &amp; Spiritueux.<\/strong><\/p>","protected":false},"excerpt":{"rendered":"<p>Peux-tu te pr\u00e9senter en quelques mots ? \u00ab\u00a0Je m\u2019appelle Lucian Morgo, j\u2019ai 20 ans et je suis originaire du bassin de Thau. Je suis actuellement en Bachelor Commerce et Marketing des Vins et Spiritueux \u00e0 l\u2019Institut Sup\u00e9rieur du Vin et alternant \u00e0 Beauvignac \u00e0 Pom\u00e9rols et Meze.\u00a0\u00bb Quel a \u00e9t\u00e9 ton parcours avant d\u2019int\u00e9grer l\u2019Institut [&hellip;]<\/p>\n","protected":false},"author":153251,"featured_media":29030,"comment_status":"closed","ping_status":"closed","sticky":false,"template":"","format":"standard","meta":{"_acf_changed":false,"_seopress_robots_primary_cat":"none","_seopress_titles_title":"Du bassin de Thau \u00e0 la vente en caveau : le parcours de Lucian Morgo.","_seopress_titles_desc":"\u00c9tudiant \u00e0 l\u2019Institut Sup\u00e9rieur du Vin en Bachelor Commerce et Marketing des Vins et Spiritueux, Lucian raconte son parcours et sa passion pour les vins du Languedoc.","_seopress_robots_index":"","footnotes":""},"categories":[8,6,5],"tags":[],"class_list":["post-29018","post","type-post","status-publish","format-standard","has-post-thumbnail","hentry","category-actualites","category-de-lisv","category-du-blog"],"acf":[],"_links":{"self":[{"href":"https:\/\/www.isvin.fr\/en\/wp-json\/wp\/v2\/posts\/29018","targetHints":{"allow":["GET"]}}],"collection":[{"href":"https:\/\/www.isvin.fr\/en\/wp-json\/wp\/v2\/posts"}],"about":[{"href":"https:\/\/www.isvin.fr\/en\/wp-json\/wp\/v2\/types\/post"}],"author":[{"embeddable":true,"href":"https:\/\/www.isvin.fr\/en\/wp-json\/wp\/v2\/users\/153251"}],"replies":[{"embeddable":true,"href":"https:\/\/www.isvin.fr\/en\/wp-json\/wp\/v2\/comments?post=29018"}],"version-history":[{"count":8,"href":"https:\/\/www.isvin.fr\/en\/wp-json\/wp\/v2\/posts\/29018\/revisions"}],"predecessor-version":[{"id":29031,"href":"https:\/\/www.isvin.fr\/en\/wp-json\/wp\/v2\/posts\/29018\/revisions\/29031"}],"wp:featuredmedia":[{"embeddable":true,"href":"https:\/\/www.isvin.fr\/en\/wp-json\/wp\/v2\/media\/29030"}],"wp:attachment":[{"href":"https:\/\/www.isvin.fr\/en\/wp-json\/wp\/v2\/media?parent=29018"}],"wp:term":[{"taxonomy":"category","embeddable":true,"href":"https:\/\/www.isvin.fr\/en\/wp-json\/wp\/v2\/categories?post=29018"},{"taxonomy":"post_tag","embeddable":true,"href":"https:\/\/www.isvin.fr\/en\/wp-json\/wp\/v2\/tags?post=29018"}],"curies":[{"name":"wp","href":"https:\/\/api.w.org\/{rel}","templated":true}]}}