{"id":29000,"date":"2026-03-09T10:00:00","date_gmt":"2026-03-09T09:00:00","guid":{"rendered":"https:\/\/www.isvin.fr\/?p=29000"},"modified":"2026-03-05T14:49:38","modified_gmt":"2026-03-05T13:49:38","slug":"du-beaujolais-aux-marches-internationaux-le-parcours-passionne-de-laura-de-vermont","status":"publish","type":"post","link":"https:\/\/www.isvin.fr\/en\/2026\/03\/09\/du-beaujolais-aux-marches-internationaux-le-parcours-passionne-de-laura-de-vermont\/","title":{"rendered":"Du Beaujolais aux march\u00e9s internationaux : le parcours passionn\u00e9 de Laura De Vermont."},"content":{"rendered":"<div class=\"wp-block-media-text is-stacked-on-mobile\" style=\"grid-template-columns:45% auto\"><figure class=\"wp-block-media-text__media\"><img alt=\"d\u00e9gustation Laura De Vermont\" decoding=\"async\" width=\"400\" height=\"533\" src=\"https:\/\/www.isvin.fr\/wp-content\/uploads\/2026\/03\/Laura-de-vermont.jpg\" class=\"wp-image-29003 size-full\" srcset=\"https:\/\/www.isvin.fr\/wp-content\/uploads\/2026\/03\/Laura-de-vermont.jpg 400w, https:\/\/www.isvin.fr\/wp-content\/uploads\/2026\/03\/Laura-de-vermont-225x300.jpg 225w, https:\/\/www.isvin.fr\/wp-content\/uploads\/2026\/03\/Laura-de-vermont-9x12.jpg 9w\" sizes=\"(max-width: 400px) 100vw, 400px\" \/><\/figure><div class=\"wp-block-media-text__content\">\n<p><em>\u00ab\u00a0Je m\u2019appelle Laura de Vermont, j\u2019ai 21 ans et je suis originaire du Beaujolais. J\u2019ai choisi de partir dans le sud de la France pour poursuivre mes \u00e9tudes et \u00e9largir mes connaissances du monde viticole. Je suis actuellement \u00e9tudiante en <a href=\"https:\/\/www.isvin.fr\/en\/training\/mba-wine-and-spirits-international-management\/?_gl=1*mix9mf*_up*MQ..*_gs*MQ..&amp;gclid=CjwKCAiAhP67BhAVEiwA2E_9gy8TsiMizZUZHmbErSabS4G9jJGhl05XbRkHyfFL5D-ZL0d5dSq_-RoCFH4QAvD_BwE\">Masters in Wine and Spirits International Management<\/a>.<\/em><\/p>\n\n\n\n<p><em>Avant d\u2019int\u00e9grer l\u2019<a href=\"http:\/\/www.isvin.fr\/en\/\">Institut Sup\u00e9rieur du Vin<\/a>, j\u2019ai r\u00e9alis\u00e9 un BTS NDRC (N\u00e9gociation et Digitalisation de la Relation Client). Durant ces deux ann\u00e9es, j\u2019ai effectu\u00e9 plusieurs stages afin de d\u00e9couvrir diff\u00e9rents m\u00e9tiers, car je ne savais pas encore vers quelle voie m\u2019orienter.<\/em><\/p>\n\n\n\n<p><em>Fille de viticulteur dans un domaine transmis depuis cinq g\u00e9n\u00e9rations, j\u2019ai toujours v\u00e9cu au rythme de ce m\u00e9tier. Je n\u2019ai pas toujours envisag\u00e9 d\u2019en faire ma carri\u00e8re, mais apr\u00e8s avoir accompagn\u00e9 mes parents au Salon des Vignerons Ind\u00e9pendants, puis r\u00e9alis\u00e9 un stage en Angleterre chez un importateur, j\u2019ai eu un v\u00e9ritable coup de c\u0153ur pour le secteur commercial du vin.<\/em><\/p>\n\n\n\n<p><em>Aujourd\u2019hui, je suis assistante back-office Travel Retail au sein du groupe <a href=\"https:\/\/www.advini.com\/\" data-type=\"link\" data-id=\"https:\/\/www.advini.com\/\">AdVini<\/a>, bas\u00e9 \u00e0 Saint-F\u00e9lix-de-Lodez. Mes missions consistent \u00e0 accompagner ma responsable dans le d\u00e9veloppement de la distribution de nos maisons dans les a\u00e9roports, compagnies a\u00e9riennes et croisi\u00e8res. Je g\u00e8re notamment les appels d\u2019offres, je forme les \u00e9quipes pr\u00e9sentes dans les duty free \u00e0 la vente de nos vins et je participe \u00e0 la cr\u00e9ation de nouveaux concepts marketing. Cette alternance m\u2019a appris \u00e0 \u00eatre autonome, organis\u00e9e et \u00e0 g\u00e9rer simultan\u00e9ment de nombreux projets.<\/em><\/p>\n\n\n\n<p><em>Ce qui me passionne le plus dans l\u2019univers du vin, ce sont les diff\u00e9rences culturelles entre les r\u00e9gions viticoles et la n\u00e9cessit\u00e9 de s\u2019adapter constamment aux go\u00fbts et attentes des clients.<\/em><\/p>\n\n\n\n<p><em>Je suis quelqu\u2019un de nature souriante et joyeuse, deux traits de caract\u00e8re importants dans un secteur o\u00f9 la convivialit\u00e9 est essentielle. J\u2019ai \u00e9galement un caract\u00e8re affirm\u00e9, qui m\u2019aide \u00e0 m\u2019imposer face \u00e0 des clients parfois tr\u00e8s arr\u00eat\u00e9s sur leurs id\u00e9es.<\/em><\/p>\n<\/div><\/div>\n\n\n\n<div style=\"height:25px\" aria-hidden=\"true\" class=\"wp-block-spacer\"><\/div>\n\n\n\n<p><em>Apr\u00e8s ma formation, j\u2019aimerais r\u00e9aliser un stage dans l\u2019un des domaines AdVini en Afrique du Sud afin d\u2019enrichir encore davantage ma vision internationale du march\u00e9 du vin. Cela me permettra ensuite de d\u00e9terminer plus sereinement le poste vers lequel je souhaite m\u2019orienter. Si j\u2019\u00e9tais un vin, je serais sans doute un Beaujolais Nouveau : un vin fruit\u00e9, \u00e9clatant, festif, qui rassemble les gens et cr\u00e9e du lien.<\/em><\/p>\n\n\n\n<p><em>Si je devais donner un conseil \u00e0 un futur \u00e9tudiant de l\u2019Institut Sup\u00e9rieur du Vin, ce serait de ne pas h\u00e9siter. Malgr\u00e9 la complexit\u00e9 du secteur, notre g\u00e9n\u00e9ration a un r\u00f4le important \u00e0 jouer dans le renouveau du monde du vin, et les id\u00e9es nouvelles sont toujours les bienvenues au sein de l\u2019ISV.\u00a0\u00bb<\/em><\/p>\n\n\n\n<p class=\"has-text-align-right\"><strong>Laura De Vermont &#8211; Etudiante en Mast\u00e8re 1\u00e8re ann\u00e9e Wine &amp; Spirits International Management.<\/strong><\/p>\n\n\n\n<p><\/p>","protected":false},"excerpt":{"rendered":"<p>\u00ab\u00a0Je m\u2019appelle Laura de Vermont, j\u2019ai 21 ans et je suis originaire du Beaujolais. J\u2019ai choisi de partir dans le sud de la France pour poursuivre mes \u00e9tudes et \u00e9largir mes connaissances du monde viticole. Je suis actuellement \u00e9tudiante en Mast\u00e8re Wine and Spirits International Management. Avant d\u2019int\u00e9grer l\u2019Institut Sup\u00e9rieur du Vin, j\u2019ai r\u00e9alis\u00e9 un [&hellip;]<\/p>\n","protected":false},"author":153251,"featured_media":29003,"comment_status":"closed","ping_status":"closed","sticky":false,"template":"","format":"standard","meta":{"_acf_changed":false,"_seopress_robots_primary_cat":"none","_seopress_titles_title":"Du Beaujolais aux march\u00e9s internationaux : le parcours passionn\u00e9 de Laura De Vermont.","_seopress_titles_desc":"Laura, \u00e9tudiante \u00e0 l\u2019ISV, raconte son parcours du Beaujolais au Travel Retail chez AdVini et sa passion pour le commerce international du vin.","_seopress_robots_index":"","footnotes":""},"categories":[8,6,5],"tags":[],"class_list":["post-29000","post","type-post","status-publish","format-standard","has-post-thumbnail","hentry","category-actualites","category-de-lisv","category-du-blog"],"acf":[],"_links":{"self":[{"href":"https:\/\/www.isvin.fr\/en\/wp-json\/wp\/v2\/posts\/29000","targetHints":{"allow":["GET"]}}],"collection":[{"href":"https:\/\/www.isvin.fr\/en\/wp-json\/wp\/v2\/posts"}],"about":[{"href":"https:\/\/www.isvin.fr\/en\/wp-json\/wp\/v2\/types\/post"}],"author":[{"embeddable":true,"href":"https:\/\/www.isvin.fr\/en\/wp-json\/wp\/v2\/users\/153251"}],"replies":[{"embeddable":true,"href":"https:\/\/www.isvin.fr\/en\/wp-json\/wp\/v2\/comments?post=29000"}],"version-history":[{"count":12,"href":"https:\/\/www.isvin.fr\/en\/wp-json\/wp\/v2\/posts\/29000\/revisions"}],"predecessor-version":[{"id":29015,"href":"https:\/\/www.isvin.fr\/en\/wp-json\/wp\/v2\/posts\/29000\/revisions\/29015"}],"wp:featuredmedia":[{"embeddable":true,"href":"https:\/\/www.isvin.fr\/en\/wp-json\/wp\/v2\/media\/29003"}],"wp:attachment":[{"href":"https:\/\/www.isvin.fr\/en\/wp-json\/wp\/v2\/media?parent=29000"}],"wp:term":[{"taxonomy":"category","embeddable":true,"href":"https:\/\/www.isvin.fr\/en\/wp-json\/wp\/v2\/categories?post=29000"},{"taxonomy":"post_tag","embeddable":true,"href":"https:\/\/www.isvin.fr\/en\/wp-json\/wp\/v2\/tags?post=29000"}],"curies":[{"name":"wp","href":"https:\/\/api.w.org\/{rel}","templated":true}]}}