{"id":17468,"date":"2025-12-22T13:00:54","date_gmt":"2025-12-22T12:00:54","guid":{"rendered":"https:\/\/www.isvin.fr\/?p=17468"},"modified":"2026-01-14T15:38:09","modified_gmt":"2026-01-14T14:38:09","slug":"noel-a-linstitut-superieur-vin","status":"publish","type":"post","link":"https:\/\/www.isvin.fr\/en\/2025\/12\/22\/noel-a-linstitut-superieur-vin\/","title":{"rendered":"Christmas at ISV: a convivial and festive occasion for our students"},"content":{"rendered":"<h3><em>No\u00ebl \u00e0 l\u2019Institut Sup\u00e9rieur du Vin\u00a0<\/em><\/h3>\n<p data-start=\"289\" data-end=\"515\">\u00c0 l\u2019<strong data-start=\"293\" data-end=\"322\">Institut Sup\u00e9rieur du Vin<\/strong>, la formation ne se r\u00e9sume pas aux cours et aux projets professionnels. Elle passe aussi par des <strong data-start=\"420\" data-end=\"447\">moments de convivialit\u00e9<\/strong>, essentiels pour cr\u00e9er du lien et renforcer l\u2019exp\u00e9rience \u00e9tudiante.<\/p>\n<p data-start=\"517\" data-end=\"691\">\u00c0 l\u2019approche des f\u00eates de fin d\u2019ann\u00e9e, l\u2019ISV a souhait\u00e9 faire une <strong data-start=\"583\" data-end=\"611\">surprise \u00e0 ses \u00e9tudiants<\/strong> en organisant un <strong data-start=\"629\" data-end=\"690\">No\u00ebl plac\u00e9 sous le signe du partage et de la bonne humeur<\/strong>.<\/p>\n<h3 data-start=\"698\" data-end=\"753\"><strong>Un photobooth de No\u00ebl pour immortaliser l\u2019instant<\/strong><\/h3>\n<p data-start=\"755\" data-end=\"967\">Premi\u00e8re surprise de la journ\u00e9e : l\u2019installation d\u2019un <strong data-start=\"809\" data-end=\"831\">photobooth de No\u00ebl<\/strong> au sein de l\u2019\u00e9cole. Un espace festif, d\u00e9cor\u00e9 aux couleurs des f\u00eates, qui a rapidement rencontr\u00e9 un franc succ\u00e8s aupr\u00e8s des \u00e9tudiants.<\/p>\n<p data-start=\"969\" data-end=\"996\">Ce photobooth a permis de :<\/p>\n<ul data-start=\"998\" data-end=\"1208\">\n<li data-start=\"998\" data-end=\"1041\">\n<p data-start=\"1000\" data-end=\"1041\">Cr\u00e9er un <strong data-start=\"1009\" data-end=\"1041\">moment ludique et f\u00e9d\u00e9rateur<\/strong><\/p>\n<\/li>\n<li data-start=\"1042\" data-end=\"1085\">\n<p data-start=\"1044\" data-end=\"1085\">Favoriser les \u00e9changes entre promotions<\/p>\n<\/li>\n<li data-start=\"1086\" data-end=\"1152\">\n<p data-start=\"1088\" data-end=\"1152\">Offrir aux \u00e9tudiants des <strong data-start=\"1113\" data-end=\"1152\">souvenirs spontan\u00e9s et authentiques<\/strong><\/p>\n<\/li>\n<li data-start=\"1153\" data-end=\"1208\">\n<p data-start=\"1155\" data-end=\"1208\">Apporter une touche festive au quotidien de l\u2019\u00e9cole<\/p>\n<\/li>\n<\/ul>\n<p data-start=\"1210\" data-end=\"1311\">Un instant simple, mais pr\u00e9cieux, qui participe pleinement \u00e0 la <strong data-start=\"1274\" data-end=\"1302\">qualit\u00e9 de vie \u00e9tudiante<\/strong> \u00e0 l\u2019ISV.<\/p>\n<h3 data-start=\"102\" data-end=\"161\"><strong>Des douceurs de No\u00ebl \u00e0 disposition toute la journ\u00e9e<\/strong><\/h3>\n<p data-start=\"231\" data-end=\"555\">Pour prolonger l\u2019esprit des f\u00eates, l\u2019ISV a mis \u00e0 disposition des \u00e9tudiants, <strong data-start=\"307\" data-end=\"337\">tout au long de la journ\u00e9e<\/strong>, des <strong data-start=\"343\" data-end=\"390\">mandarines, des chocolats et des papillotes<\/strong>.<br data-start=\"391\" data-end=\"394\" \/>Une attention simple et gourmande, permettant \u00e0 chacun de profiter d\u2019un moment de douceur entre deux cours ou projets, dans une ambiance chaleureuse et d\u00e9tendue.<\/p>\n<p data-start=\"557\" data-end=\"934\">Parce que No\u00ebl est aussi un moment privil\u00e9gi\u00e9 autour du vin et du partage, ces instants faisaient \u00e9cho aux traditions des repas de f\u00eates. Pour s\u2019inspirer dans le choix des bouteilles \u00e0 cette p\u00e9riode, <a href=\"https:\/\/www.larvf.com\/les-idees-de-cadeaux-vins-spiritueux-pour-noel,4777257.asp\"><strong data-start=\"757\" data-end=\"786\">La Revue du Vin de France<\/strong> <\/a>propose d\u2019ailleurs une s\u00e9lection de <strong data-start=\"823\" data-end=\"870\">conseils et d\u2019accords mets &amp; vins pour No\u00ebl<\/strong>, \u00e0 d\u00e9couvrir pour prolonger l\u2019exp\u00e9rience festive autour du vin.<\/p>\n<p data-start=\"936\" data-end=\"984\">Ces petites pauses informelles ont contribu\u00e9 \u00e0 :<\/p>\n<ul data-start=\"986\" data-end=\"1240\">\n<li data-start=\"986\" data-end=\"1041\">\n<p data-start=\"988\" data-end=\"1041\">Apporter une touche festive au quotidien de l\u2019\u00e9cole<\/p>\n<\/li>\n<li data-start=\"1042\" data-end=\"1094\">\n<p data-start=\"1044\" data-end=\"1094\">Favoriser des \u00e9changes spontan\u00e9s entre \u00e9tudiants<\/p>\n<\/li>\n<li data-start=\"1095\" data-end=\"1160\">\n<p data-start=\"1097\" data-end=\"1160\">Renforcer le <strong data-start=\"1110\" data-end=\"1138\">sentiment d\u2019appartenance<\/strong> \u00e0 la communaut\u00e9 ISV<\/p>\n<\/li>\n<li data-start=\"1161\" data-end=\"1240\">\n<p data-start=\"1163\" data-end=\"1240\">Installer un <strong data-start=\"1176\" data-end=\"1212\">climat bienveillant et convivial<\/strong> en cette fin d\u2019ann\u00e9e<\/p>\n<\/li>\n<\/ul>\n<h3 data-start=\"1840\" data-end=\"1886\"><strong>Une vie \u00e9tudiante au c\u0153ur de l\u2019ADN de l\u2019ISV<\/strong><\/h3>\n<p data-start=\"1888\" data-end=\"2103\">\u00c0 l\u2019Institut Sup\u00e9rieur du Vin, l\u2019accompagnement des \u00e9tudiants ne se limite pas \u00e0 la formation acad\u00e9mique.<br data-start=\"1993\" data-end=\"1996\" \/>Cr\u00e9er des temps de rencontre, de partage et de convivialit\u00e9 fait partie int\u00e9grante de l\u2019<strong data-start=\"2084\" data-end=\"2102\">ADN de l\u2019\u00e9cole<\/strong>.<\/p>\n<p data-start=\"2105\" data-end=\"2132\">Ces moments contribuent \u00e0 :<\/p>\n<ul data-start=\"2134\" data-end=\"2332\">\n<li data-start=\"2134\" data-end=\"2184\">\n<p data-start=\"2136\" data-end=\"2184\">Developing a <strong data-start=\"2151\" data-end=\"2184\">exp\u00e9rience \u00e9tudiante positive<\/strong><\/p>\n<\/li>\n<li data-start=\"2185\" data-end=\"2250\">\n<p data-start=\"2187\" data-end=\"2250\">Renforcer la coh\u00e9sion entre \u00e9tudiants et \u00e9quipes p\u00e9dagogiques<\/p>\n<\/li>\n<li data-start=\"2251\" data-end=\"2332\">\n<p data-start=\"2253\" data-end=\"2332\">Offrir un environnement propice \u00e0 l\u2019\u00e9panouissement personnel et professionnel<\/p>\n<\/li>\n<\/ul>\n<h3 data-start=\"2339\" data-end=\"2412\"><strong>L\u2019Institut Sup\u00e9rieur du Vin : former dans un cadre humain et convivial<\/strong><\/h3>\n<p data-start=\"2414\" data-end=\"2579\">\u00c0 travers ce <strong data-start=\"2427\" data-end=\"2444\">No\u00ebl de l\u2019ISV<\/strong>, l\u2019\u00e9cole r\u00e9affirme sa volont\u00e9 de proposer un cadre de formation <strong data-start=\"2509\" data-end=\"2542\">exigeant, humain et convivial<\/strong>, o\u00f9 chaque \u00e9tudiant trouve sa place.<\/p>\n<p data-start=\"2581\" data-end=\"2671\">\ud83d\udc49 En savoir plus sur l\u2019<strong data-start=\"2605\" data-end=\"2634\">Institut Sup\u00e9rieur du Vin<\/strong> et sur l&rsquo;<a href=\"https:\/\/www.isvin.fr\/en\/lecole\/isv-experience\/\">exp\u00e9rience ISV<\/a><\/p>","protected":false},"excerpt":{"rendered":"<p>No\u00ebl \u00e0 l\u2019Institut Sup\u00e9rieur du Vin\u00a0 \u00c0 l\u2019Institut Sup\u00e9rieur du Vin, la formation ne se r\u00e9sume pas aux cours et aux projets professionnels. Elle passe aussi par des moments de convivialit\u00e9, essentiels pour cr\u00e9er du lien et renforcer l\u2019exp\u00e9rience \u00e9tudiante. \u00c0 l\u2019approche des f\u00eates de fin d\u2019ann\u00e9e, l\u2019ISV a souhait\u00e9 faire une surprise \u00e0 ses [&hellip;]<\/p>\n","protected":false},"author":528,"featured_media":17473,"comment_status":"closed","ping_status":"closed","sticky":false,"template":"","format":"standard","meta":{"_acf_changed":false,"_seopress_robots_primary_cat":"none","_seopress_titles_title":"","_seopress_titles_desc":"\u00c0 l\u2019Institut Sup\u00e9rieur du Vin, les \u00e9tudiants ont c\u00e9l\u00e9br\u00e9 No\u00ebl autour d\u2019un photobooth festif et d\u2019un go\u00fbter convivial","_seopress_robots_index":"","footnotes":""},"categories":[8,6,5],"tags":[],"class_list":["post-17468","post","type-post","status-publish","format-standard","has-post-thumbnail","hentry","category-actualites","category-de-lisv","category-du-blog"],"acf":[],"_links":{"self":[{"href":"https:\/\/www.isvin.fr\/en\/wp-json\/wp\/v2\/posts\/17468","targetHints":{"allow":["GET"]}}],"collection":[{"href":"https:\/\/www.isvin.fr\/en\/wp-json\/wp\/v2\/posts"}],"about":[{"href":"https:\/\/www.isvin.fr\/en\/wp-json\/wp\/v2\/types\/post"}],"author":[{"embeddable":true,"href":"https:\/\/www.isvin.fr\/en\/wp-json\/wp\/v2\/users\/528"}],"replies":[{"embeddable":true,"href":"https:\/\/www.isvin.fr\/en\/wp-json\/wp\/v2\/comments?post=17468"}],"version-history":[{"count":0,"href":"https:\/\/www.isvin.fr\/en\/wp-json\/wp\/v2\/posts\/17468\/revisions"}],"wp:featuredmedia":[{"embeddable":true,"href":"https:\/\/www.isvin.fr\/en\/wp-json\/wp\/v2\/media\/17473"}],"wp:attachment":[{"href":"https:\/\/www.isvin.fr\/en\/wp-json\/wp\/v2\/media?parent=17468"}],"wp:term":[{"taxonomy":"category","embeddable":true,"href":"https:\/\/www.isvin.fr\/en\/wp-json\/wp\/v2\/categories?post=17468"},{"taxonomy":"post_tag","embeddable":true,"href":"https:\/\/www.isvin.fr\/en\/wp-json\/wp\/v2\/tags?post=17468"}],"curies":[{"name":"wp","href":"https:\/\/api.w.org\/{rel}","templated":true}]}}