{"id":17376,"date":"2025-11-29T16:45:58","date_gmt":"2025-11-29T15:45:58","guid":{"rendered":"https:\/\/www.isvin.fr\/?p=17376"},"modified":"2025-12-15T17:13:14","modified_gmt":"2025-12-15T16:13:14","slug":"isv-at-sitevi-2025","status":"publish","type":"post","link":"https:\/\/www.isvin.fr\/en\/2025\/11\/29\/isv-au-sitevi-2025\/","title":{"rendered":"SITEVI 2025: ISV at the heart of innovation in the wine industry"},"content":{"rendered":"<p>[et_pb_section fb_built=\u00a0\u00bb1&Prime; theme_builder_area=\u00a0\u00bbpost_content\u00a0\u00bb _builder_version=\u00a0\u00bb4.27.4&Prime; _module_preset=\u00a0\u00bbdefault\u00a0\u00bb][et_pb_row _builder_version=\u00a0\u00bb4.27.4&Prime; _module_preset=\u00a0\u00bbdefault\u00a0\u00bb theme_builder_area=\u00a0\u00bbpost_content\u00a0\u00bb][et_pb_column _builder_version=\u00a0\u00bb4.27.4&Prime; _module_preset=\u00a0\u00bbdefault\u00a0\u00bb type=\u00a0\u00bb4_4&Prime; theme_builder_area=\u00a0\u00bbpost_content\u00a0\u00bb][et_pb_text _builder_version=\u00a0\u00bb4.27.4&Prime; _module_preset=\u00a0\u00bbdefault\u00a0\u00bb theme_builder_area=\u00a0\u00bbpost_content\u00a0\u00bb hover_enabled=\u00a0\u00bb0&Prime; sticky_enabled=\u00a0\u00bb0&Prime; text_orientation=\u00a0\u00bbjustified\u00a0\u00bb]<\/p>\n<p>SITEVI 2025 : Chaque \u00e9dition du <a href=\"https:\/\/www.sitevi.com\/fr-FR\"><strong data-start=\"160\" data-end=\"170\">SITEVI<\/strong><\/a> s\u2019impose comme un temps fort pour les professionnels des <strong data-start=\"228\" data-end=\"250\">vins et spiritueux<\/strong>. En 2025, <strong data-start=\"261\" data-end=\"282\">Emmanuelle Robert<\/strong>, directrice de l\u2019Institut Sup\u00e9rieur du Vin (ISV), et <strong data-start=\"336\" data-end=\"356\">Caroline Poulain<\/strong>, en charge de l\u2019accompagnement des candidats et des entreprises partenaires, se sont rendues sur le salon en tant que visiteuses.<br data-start=\"486\" data-end=\"489\" \/>Un objectif clair : <strong data-start=\"509\" data-end=\"549\">s\u2019informer, anticiper et transmettre<\/strong>.<\/p>\n<p>[\/et_pb_text][\/et_pb_column][\/et_pb_row][et_pb_row _builder_version=\u00a0\u00bb4.27.4&Prime; _module_preset=\u00a0\u00bbdefault\u00a0\u00bb theme_builder_area=\u00a0\u00bbpost_content\u00a0\u00bb][et_pb_column _builder_version=\u00a0\u00bb4.27.4&Prime; _module_preset=\u00a0\u00bbdefault\u00a0\u00bb type=\u00a0\u00bb4_4&Prime; theme_builder_area=\u00a0\u00bbpost_content\u00a0\u00bb][et_pb_text _builder_version=\u00a0\u00bb4.27.4&Prime; _module_preset=\u00a0\u00bbdefault\u00a0\u00bb theme_builder_area=\u00a0\u00bbpost_content\u00a0\u00bb hover_enabled=\u00a0\u00bb0&Prime; sticky_enabled=\u00a0\u00bb0&Prime; text_orientation=\u00a0\u00bbjustified\u00a0\u00bb]<\/p>\n<h3 data-start=\"557\" data-end=\"630\">SITEVI : un observatoire privil\u00e9gi\u00e9 des \u00e9volutions du secteur viticole<\/h3>\n<p data-start=\"632\" data-end=\"989\">Salon international de r\u00e9f\u00e9rence, le SITEVI r\u00e9unit les acteurs cl\u00e9s de la <strong data-start=\"706\" data-end=\"721\">viticulture<\/strong>, de l\u2019<strong data-start=\"728\" data-end=\"740\">\u0153nologie<\/strong> et des <strong data-start=\"748\" data-end=\"771\">\u00e9quipements de cave<\/strong>. Innovations technologiques, transition environnementale, nouvelles pratiques culturales, digitalisation des exploitations : le salon offre une vision concr\u00e8te et prospective des <strong data-start=\"951\" data-end=\"988\">mutations du secteur vitivinicole<\/strong>.<\/p>\n<p data-start=\"991\" data-end=\"1238\">Pour l\u2019ISV, \u00eatre pr\u00e9sent sur ce type d\u2019\u00e9v\u00e9nement est essentiel. Former les futurs cadres du vin, c\u2019est avant tout <strong data-start=\"1105\" data-end=\"1143\">comprendre les r\u00e9alit\u00e9s du terrain<\/strong>, les enjeux \u00e9conomiques, techniques et environnementaux auxquels ils seront confront\u00e9s demain.<\/p>\n<h3 data-start=\"1245\" data-end=\"1297\">Une veille terrain au service de la p\u00e9dagogie ISV<\/h3>\n<p data-start=\"1299\" data-end=\"1466\">\u00c0 l\u2019Institut Sup\u00e9rieur du Vin, la p\u00e9dagogie repose sur un principe fondamental : <strong data-start=\"1380\" data-end=\"1431\">relier la th\u00e9orie \u00e0 la pratique professionnelle<\/strong>.<br data-start=\"1432\" data-end=\"1435\" \/>La visite du SITEVI permet de :<\/p>\n<ul data-start=\"1468\" data-end=\"1769\">\n<li data-start=\"1468\" data-end=\"1530\">\n<p data-start=\"1470\" data-end=\"1530\">Identifier les <strong data-start=\"1485\" data-end=\"1509\">tendances \u00e9mergentes<\/strong> du march\u00e9 viticole<\/p>\n<\/li>\n<li data-start=\"1531\" data-end=\"1611\">\n<p data-start=\"1533\" data-end=\"1611\">Comprendre les impacts des <strong data-start=\"1560\" data-end=\"1586\">innovations techniques<\/strong> sur les m\u00e9tiers du vin<\/p>\n<\/li>\n<li data-start=\"1612\" data-end=\"1688\">\n<p data-start=\"1614\" data-end=\"1688\">\u00c9changer avec les <strong data-start=\"1632\" data-end=\"1672\">entreprises, fournisseurs et experts<\/strong> de la fili\u00e8re<\/p>\n<\/li>\n<li data-start=\"1689\" data-end=\"1769\">\n<p data-start=\"1691\" data-end=\"1769\">Anticiper l\u2019\u00e9volution des <strong data-start=\"1717\" data-end=\"1742\">comp\u00e9tences attendues<\/strong> chez les futurs dipl\u00f4m\u00e9s<\/p>\n<\/li>\n<\/ul>\n<p data-start=\"1771\" data-end=\"1931\">Ces observations nourrissent directement les contenus p\u00e9dagogiques des formations ISV, notamment en <strong data-start=\"1871\" data-end=\"1930\"><a href=\"https:\/\/www.isvin.fr\/formations\/bachelor-commerce-et-marketing-du-vin\/\">Bachelor<\/a> et <a href=\"https:\/\/www.isvin.fr\/formations\/mba-wine-and-spirits-international-management\/\">Mast\u00e8re<\/a> sp\u00e9cialis\u00e9s vins et spiritueux<\/strong>.<\/p>\n<p>[\/et_pb_text][\/et_pb_column][\/et_pb_row][et_pb_row _builder_version=\u00a0\u00bb4.27.4&Prime; _module_preset=\u00a0\u00bbdefault\u00a0\u00bb theme_builder_area=\u00a0\u00bbpost_content\u00a0\u00bb column_structure=\u00a0\u00bb3_4,1_4&Prime;][et_pb_column _builder_version=\u00a0\u00bb4.27.4&Prime; _module_preset=\u00a0\u00bbdefault\u00a0\u00bb type=\u00a0\u00bb3_4&Prime; theme_builder_area=\u00a0\u00bbpost_content\u00a0\u00bb][et_pb_text _builder_version=\u00a0\u00bb4.27.4&Prime; _module_preset=\u00a0\u00bbdefault\u00a0\u00bb theme_builder_area=\u00a0\u00bbpost_content\u00a0\u00bb hover_enabled=\u00a0\u00bb0&Prime; sticky_enabled=\u00a0\u00bb0&Prime; text_orientation=\u00a0\u00bbjustified\u00a0\u00bb custom_margin=\u00a0\u00bb|10px|||false|false\u00a0\u00bb]<\/p>\n<h3 data-start=\"1938\" data-end=\"2005\">Une immersion fortement encourag\u00e9e pour nos \u00e9tudiants de Mast\u00e8re<\/h3>\n<p data-start=\"299\" data-end=\"546\">Les <strong data-start=\"303\" data-end=\"358\">\u00e9tudiants de Mast\u00e8re de l\u2019Institut Sup\u00e9rieur du Vin<\/strong> ont eux aussi \u00e9t\u00e9 encourag\u00e9s \u00e0 se rendre au <strong data-start=\"403\" data-end=\"413\">SITEVI<\/strong>, dans un objectif p\u00e9dagogique pr\u00e9cis : <strong data-start=\"453\" data-end=\"493\">identifier des innovations packaging<\/strong> dans le cadre d\u2019un <strong data-start=\"513\" data-end=\"545\">atelier de cr\u00e9ation de cuv\u00e9e<\/strong>.<\/p>\n<p data-start=\"548\" data-end=\"720\">Pour l\u2019ISV, un salon professionnel comme le SITEVI est bien plus qu\u2019une vitrine technologique. C\u2019est un <strong data-start=\"652\" data-end=\"689\">v\u00e9ritable terrain d\u2019apprentissage<\/strong>, permettant aux \u00e9tudiants de :<\/p>\n<ul data-start=\"722\" data-end=\"1179\">\n<li data-start=\"722\" data-end=\"816\">\n<p data-start=\"724\" data-end=\"816\">Explorer les <strong data-start=\"737\" data-end=\"762\">innovations packaging<\/strong> (bouteilles, \u00e9tiquettes, mat\u00e9riaux, \u00e9co-conception)<\/p>\n<\/li>\n<li data-start=\"817\" data-end=\"906\">\n<p data-start=\"819\" data-end=\"906\">Comprendre l\u2019impact du <strong data-start=\"842\" data-end=\"904\">packaging dans la strat\u00e9gie de marque et de positionnement<\/strong><\/p>\n<\/li>\n<li data-start=\"907\" data-end=\"1009\">\n<p data-start=\"909\" data-end=\"1009\">Confronter les enseignements th\u00e9oriques \u00e0 la <strong data-start=\"954\" data-end=\"1007\">r\u00e9alit\u00e9 des contraintes techniques et \u00e9conomiques<\/strong><\/p>\n<\/li>\n<li data-start=\"1010\" data-end=\"1073\">\n<p data-start=\"1012\" data-end=\"1073\">\u00c9changer avec les <strong data-start=\"1030\" data-end=\"1057\">fournisseurs et experts<\/strong> de la fili\u00e8re<\/p>\n<\/li>\n<li data-start=\"1074\" data-end=\"1179\">\n<p data-start=\"1076\" data-end=\"1179\">Nourrir une r\u00e9flexion globale autour de la <strong data-start=\"1119\" data-end=\"1179\">cr\u00e9ation, du lancement et de la valorisation d\u2019une cuv\u00e9e<\/strong><\/p>\n<\/li>\n<\/ul>\n<p data-start=\"1181\" data-end=\"1412\">Cette immersion s\u2019inscrit pleinement dans la p\u00e9dagogie du <strong data-start=\"1239\" data-end=\"1278\">Mast\u00e8re vins et spiritueux de l\u2019ISV<\/strong>, qui vise \u00e0 former des profils capables de penser un projet vin <strong data-start=\"1343\" data-end=\"1411\">de mani\u00e8re transversale : produit, march\u00e9, image et distribution<\/strong>.<\/p>\n<p data-start=\"1414\" data-end=\"1713\" data-is-last-node=\"\" data-is-only-node=\"\">Ancr\u00e9e dans le r\u00e9el, cette approche terrain fait partie int\u00e9grante de l\u2019ADN de l\u2019Institut Sup\u00e9rieur du Vin et de son <strong data-start=\"1531\" data-end=\"1576\">accompagnement personnalis\u00e9 vers l\u2019emploi<\/strong>, notamment en <strong data-start=\"1591\" data-end=\"1605\">alternance<\/strong>, en d\u00e9veloppant chez les \u00e9tudiants une <strong data-start=\"1645\" data-end=\"1709\">vision strat\u00e9gique et op\u00e9rationnelle du secteur vitivinicole<\/strong>.<\/p>\n<p>[\/et_pb_text][\/et_pb_column][et_pb_column _builder_version=\u00a0\u00bb4.27.4&Prime; _module_preset=\u00a0\u00bbdefault\u00a0\u00bb type=\u00a0\u00bb1_4&Prime; theme_builder_area=\u00a0\u00bbpost_content\u00a0\u00bb][et_pb_image _builder_version=\u00a0\u00bb4.27.4&Prime; _module_preset=\u00a0\u00bbdefault\u00a0\u00bb theme_builder_area=\u00a0\u00bbpost_content\u00a0\u00bb title_text=\u00a0\u00bb1764331819259_Page_4&Prime; src=\u00a0\u00bbhttps:\/\/www.isvin.fr\/wp-content\/uploads\/2025\/12\/1764331819259_Page_4.jpg\u00a0\u00bb hover_enabled=\u00a0\u00bb0&Prime; sticky_enabled=\u00a0\u00bb0&Prime;][\/et_pb_image][\/et_pb_column][\/et_pb_row][et_pb_row _builder_version=\u00a0\u00bb4.27.4&Prime; _module_preset=\u00a0\u00bbdefault\u00a0\u00bb theme_builder_area=\u00a0\u00bbpost_content\u00a0\u00bb][et_pb_column _builder_version=\u00a0\u00bb4.27.4&Prime; _module_preset=\u00a0\u00bbdefault\u00a0\u00bb type=\u00a0\u00bb4_4&Prime; theme_builder_area=\u00a0\u00bbpost_content\u00a0\u00bb][et_pb_text _builder_version=\u00a0\u00bb4.27.4&Prime; _module_preset=\u00a0\u00bbdefault\u00a0\u00bb theme_builder_area=\u00a0\u00bbpost_content\u00a0\u00bb custom_padding=\u00a0\u00bb3px|3px|3px|3px|false|false\u00a0\u00bb border_width_all=\u00a0\u00bb2px\u00a0\u00bb hover_enabled=\u00a0\u00bb0&Prime; sticky_enabled=\u00a0\u00bb0&Prime;]<\/p>\n<h3 data-start=\"2491\" data-end=\"2636\">Former aujourd\u2019hui les professionnels du vin de demain<\/h3>\n<p data-start=\"2702\" data-end=\"3105\">\u00catre curieux, aller \u00e0 la rencontre des acteurs de la fili\u00e8re, rester en veille permanente : ce sont des r\u00e9flexes indispensables dans un secteur en pleine transformation.<br data-start=\"2871\" data-end=\"2874\" \/>\u00c0 travers sa pr\u00e9sence au SITEVI 2025, l\u2019Institut Sup\u00e9rieur du Vin r\u00e9affirme son engagement : <strong data-start=\"2967\" data-end=\"3104\">former des professionnels agiles, connect\u00e9s \u00e0 leur \u00e9cosyst\u00e8me et capables d\u2019anticiper les \u00e9volutions du march\u00e9 des vins et spiritueux<\/strong>.<\/p>\n<p data-start=\"3107\" data-end=\"3254\">\ud83d\udc49 Vous souhaitez en savoir plus sur nos formations et notre p\u00e9dagogie orient\u00e9e terrain ?<br data-start=\"3196\" data-end=\"3199\" \/>Venez nous rencontrer lors d&rsquo;une prochaine <a href=\"https:\/\/www.isvin.fr\/contact-2\/journee-portes-ouvertes-ecole-vin-montpellier\/\">Journ\u00e9e Portes Ouvertes<\/a><\/p>\n<p>[\/et_pb_text][\/et_pb_column][\/et_pb_row][\/et_pb_section]<\/p>\n","protected":false},"excerpt":{"rendered":"<p>[et_pb_section fb_built=\u00a0\u00bb1&Prime; theme_builder_area=\u00a0\u00bbpost_content\u00a0\u00bb _builder_version=\u00a0\u00bb4.27.4&Prime; _module_preset=\u00a0\u00bbdefault\u00a0\u00bb][et_pb_row _builder_version=\u00a0\u00bb4.27.4&Prime; _module_preset=\u00a0\u00bbdefault\u00a0\u00bb theme_builder_area=\u00a0\u00bbpost_content\u00a0\u00bb][et_pb_column _builder_version=\u00a0\u00bb4.27.4&Prime; _module_preset=\u00a0\u00bbdefault\u00a0\u00bb type=\u00a0\u00bb4_4&Prime; theme_builder_area=\u00a0\u00bbpost_content\u00a0\u00bb][et_pb_text _builder_version=\u00a0\u00bb4.27.4&Prime; _module_preset=\u00a0\u00bbdefault\u00a0\u00bb theme_builder_area=\u00a0\u00bbpost_content\u00a0\u00bb hover_enabled=\u00a0\u00bb0&Prime; sticky_enabled=\u00a0\u00bb0&Prime; text_orientation=\u00a0\u00bbjustified\u00a0\u00bb] SITEVI 2025 : Chaque \u00e9dition du SITEVI s\u2019impose comme un temps fort pour les professionnels des vins et spiritueux. En 2025, Emmanuelle Robert, directrice de l\u2019Institut Sup\u00e9rieur du Vin (ISV), et Caroline Poulain, en charge de l\u2019accompagnement [&hellip;]<\/p>\n","protected":false},"author":528,"featured_media":17382,"comment_status":"closed","ping_status":"closed","sticky":false,"template":"","format":"standard","meta":{"_acf_changed":false,"_seopress_robots_primary_cat":"","_seopress_titles_title":"","_seopress_titles_desc":"SITEVI 2025 : L\u2019ISV \u00e9tait pr\u00e9sent pour anticiper les tendances du secteur viticole. Une immersion essentielle.","_seopress_robots_index":"","footnotes":""},"categories":[8,6,5],"tags":[],"class_list":["post-17376","post","type-post","status-publish","format-standard","has-post-thumbnail","hentry","category-actualites","category-de-lisv","category-du-blog"],"acf":[],"_links":{"self":[{"href":"https:\/\/www.isvin.fr\/en\/wp-json\/wp\/v2\/posts\/17376","targetHints":{"allow":["GET"]}}],"collection":[{"href":"https:\/\/www.isvin.fr\/en\/wp-json\/wp\/v2\/posts"}],"about":[{"href":"https:\/\/www.isvin.fr\/en\/wp-json\/wp\/v2\/types\/post"}],"author":[{"embeddable":true,"href":"https:\/\/www.isvin.fr\/en\/wp-json\/wp\/v2\/users\/528"}],"replies":[{"embeddable":true,"href":"https:\/\/www.isvin.fr\/en\/wp-json\/wp\/v2\/comments?post=17376"}],"version-history":[{"count":0,"href":"https:\/\/www.isvin.fr\/en\/wp-json\/wp\/v2\/posts\/17376\/revisions"}],"wp:featuredmedia":[{"embeddable":true,"href":"https:\/\/www.isvin.fr\/en\/wp-json\/wp\/v2\/media\/17382"}],"wp:attachment":[{"href":"https:\/\/www.isvin.fr\/en\/wp-json\/wp\/v2\/media?parent=17376"}],"wp:term":[{"taxonomy":"category","embeddable":true,"href":"https:\/\/www.isvin.fr\/en\/wp-json\/wp\/v2\/categories?post=17376"},{"taxonomy":"post_tag","embeddable":true,"href":"https:\/\/www.isvin.fr\/en\/wp-json\/wp\/v2\/tags?post=17376"}],"curies":[{"name":"wp","href":"https:\/\/api.w.org\/{rel}","templated":true}]}}