{"id":17359,"date":"2025-11-25T15:52:03","date_gmt":"2025-11-25T14:52:03","guid":{"rendered":"https:\/\/www.isvin.fr\/?p=17359"},"modified":"2026-02-12T12:33:57","modified_gmt":"2026-02-12T11:33:57","slug":"2025-graduation-ceremony","status":"publish","type":"post","link":"https:\/\/www.isvin.fr\/en\/2025\/11\/25\/remise-des-diplomes-2025\/","title":{"rendered":"2025 graduation ceremony"},"content":{"rendered":"<p>This year, the\u2019<strong>Institut Sup\u00e9rieur du Vin (ISV)<\/strong> had the immense pleasure of celebrating <strong>2025 graduates<\/strong> during a <strong>graduation ceremony<\/strong> organised at <a href=\"https:\/\/www.lesgrandschais.com\/\"><strong>Domaine des Grands Chais<\/strong><\/a>, in the presence of <strong>parents and families<\/strong>.<\/p>\n<p>Beyond the protocol, this ceremony marks a very concrete step: the end of a demanding apprenticeship cycle, and the entry into a new professional phase for these future players in the sector. <strong>wines &amp; spirits<\/strong>.<\/p>\n<h3><strong>A venue to match: the Domaine des Grands Chais<\/strong><\/h3>\n<p>Choose the <strong>Domaine des Grands Chais<\/strong>, The choice of the ISV was an echo of the ISV's DNA: a school rooted in the world of wine, turned towards the field, and connected to the realities of the sector.<\/p>\n<p>In this context, the graduation ceremony takes on a special dimension: it becomes a symbolic transition between school and professional life, in an environment that speaks to our students and their families.<\/p>\n<h3><strong>Cocktails: time to network and exchange ideas<\/strong><\/h3>\n<p><strong>Ceremony + parents: shared pride<\/strong><\/p>\n<p>The presence of parents is always a highlight. Because behind every graduate there are often sacrifices, encouragement, doubts overcome and immense pride.<\/p>\n<p>The <strong>Bachelor's and Master's courses 2025<\/strong> were honoured, with moments of recognition that count: for the graduates, but also for all those who have supported them along the way.<\/p>\n<p>After the ceremony, it's time for <strong>cocktail<\/strong> a key moment when <strong>graduates<\/strong>, <strong>families<\/strong>, <strong>ISV team<\/strong>... and where we take the time to exchange ideas, congratulate each other and share projects and perspectives.<\/p>\n<p>In a sector as relational as <strong>wines and spirits<\/strong>, These moments are of real value: they are often the moment when bonds are strengthened and the next steps are mapped out (work-study programme, first job, career development, specialisation, etc.).<\/p>\n<h3><strong>Gala evening: 2025 graduates and current students together<\/strong><\/h3>\n<p>The evening continued with a <strong>Gala evening<\/strong> bringing together <strong>2025 graduates<\/strong> and <strong>current students<\/strong>. A wonderful way to build a bridge between ISV generations: to pass on, inspire, advise... and celebrate together.<\/p>\n<p>This mix of classes reflects what we cultivate throughout the year: a spirit of networking, solidarity and ambition. At ISV, we rarely move forward alone: we move forward together.<\/p>\n<h3><strong>What this evening says about ISV<\/strong><\/h3>\n<p>This graduation ceremony followed by the Gala is a perfect illustration of our approach:<\/p>\n<ul>\n<li>a school <strong>specialising in wines and spirits<\/strong><\/li>\n<li>a community that counts (students, graduates, team, families)<\/li>\n<li>a culture of <strong>network<\/strong> and reality<\/li>\n<li>and a student experience that goes beyond the classroom: it builds confidence, posture and momentum.<\/li>\n<\/ul>\n<p><strong>Interested in joining ISV?<\/strong><\/p>\n<p>Looking for a <strong>business school specialising in wines and spirits<\/strong>, With a practical approach and support towards the company (work-linked training, projects, network)?<\/p>\n<p>\ud83d\udc49 <a href=\"https:\/\/www.isvin.fr\/en\/contact-2\/contact\/\">Contact us<\/a>, Our team will guide you towards the most suitable route.<\/p>","protected":false},"excerpt":{"rendered":"<p>Cette ann\u00e9e, l\u2019Institut Sup\u00e9rieur du Vin (ISV) a eu l\u2019immense plaisir de c\u00e9l\u00e9brer ses dipl\u00f4m\u00e9s 2025 lors d\u2019une remise des dipl\u00f4mes organis\u00e9e au Domaine des Grands Chais, en pr\u00e9sence des parents et familles. Au-del\u00e0 du protocole, cette c\u00e9r\u00e9monie marque une \u00e9tape tr\u00e8s concr\u00e8te : la fin d\u2019un cycle d\u2019apprentissage exigeant, et l\u2019entr\u00e9e dans une nouvelle [&hellip;]<\/p>\n","protected":false},"author":528,"featured_media":17367,"comment_status":"closed","ping_status":"closed","sticky":false,"template":"","format":"standard","meta":{"_acf_changed":false,"_seopress_robots_primary_cat":"none","_seopress_titles_title":"","_seopress_titles_desc":"Remise des dipl\u00f4mes 2025 au Domaine des Grands Chais : une c\u00e9r\u00e9monie forte avec les familles, suivie d\u2019un cocktail et d\u2019une soir\u00e9e de Gala","_seopress_robots_index":"","footnotes":""},"categories":[8,6,5],"tags":[],"class_list":["post-17359","post","type-post","status-publish","format-standard","has-post-thumbnail","hentry","category-actualites","category-de-lisv","category-du-blog"],"acf":[],"_links":{"self":[{"href":"https:\/\/www.isvin.fr\/en\/wp-json\/wp\/v2\/posts\/17359","targetHints":{"allow":["GET"]}}],"collection":[{"href":"https:\/\/www.isvin.fr\/en\/wp-json\/wp\/v2\/posts"}],"about":[{"href":"https:\/\/www.isvin.fr\/en\/wp-json\/wp\/v2\/types\/post"}],"author":[{"embeddable":true,"href":"https:\/\/www.isvin.fr\/en\/wp-json\/wp\/v2\/users\/528"}],"replies":[{"embeddable":true,"href":"https:\/\/www.isvin.fr\/en\/wp-json\/wp\/v2\/comments?post=17359"}],"version-history":[{"count":1,"href":"https:\/\/www.isvin.fr\/en\/wp-json\/wp\/v2\/posts\/17359\/revisions"}],"predecessor-version":[{"id":24442,"href":"https:\/\/www.isvin.fr\/en\/wp-json\/wp\/v2\/posts\/17359\/revisions\/24442"}],"wp:featuredmedia":[{"embeddable":true,"href":"https:\/\/www.isvin.fr\/en\/wp-json\/wp\/v2\/media\/17367"}],"wp:attachment":[{"href":"https:\/\/www.isvin.fr\/en\/wp-json\/wp\/v2\/media?parent=17359"}],"wp:term":[{"taxonomy":"category","embeddable":true,"href":"https:\/\/www.isvin.fr\/en\/wp-json\/wp\/v2\/categories?post=17359"},{"taxonomy":"post_tag","embeddable":true,"href":"https:\/\/www.isvin.fr\/en\/wp-json\/wp\/v2\/tags?post=17359"}],"curies":[{"name":"wp","href":"https:\/\/api.w.org\/{rel}","templated":true}]}}