{"id":16060,"date":"2025-04-03T11:05:02","date_gmt":"2025-04-03T09:05:02","guid":{"rendered":"https:\/\/www.isvin.fr\/?p=16060"},"modified":"2025-04-07T10:58:27","modified_gmt":"2025-04-07T08:58:27","slug":"integrer-lisv-accompagnement-personnalise","status":"publish","type":"post","link":"https:\/\/www.isvin.fr\/en\/2025\/04\/03\/integrer-lisv-accompagnement-personnalise\/","title":{"rendered":"Join the Institut Sup\u00e9rieur du Vin"},"content":{"rendered":"<p>[et_pb_section fb_built=\u00a0\u00bb1&Prime; _builder_version=\u00a0\u00bb4.27.4&Prime; _module_preset=\u00a0\u00bbdefault\u00a0\u00bb global_colors_info=\u00a0\u00bb{}\u00a0\u00bb][et_pb_row _builder_version=\u00a0\u00bb4.27.4&Prime; _module_preset=\u00a0\u00bbdefault\u00a0\u00bb global_colors_info=\u00a0\u00bb{}\u00a0\u00bb][et_pb_column type=\u00a0\u00bb4_4&Prime; _builder_version=\u00a0\u00bb4.27.4&Prime; _module_preset=\u00a0\u00bbdefault\u00a0\u00bb global_colors_info=\u00a0\u00bb{}\u00a0\u00bb][et_pb_text _builder_version=\u00a0\u00bb4.27.4&Prime; _module_preset=\u00a0\u00bbdefault\u00a0\u00bb text_orientation=\u00a0\u00bbjustified\u00a0\u00bb global_colors_info=\u00a0\u00bb{}\u00a0\u00bb]<\/p>\n<p class=\"\" data-start=\"252\" data-end=\"867\">Choisir une formation dans le secteur des vins et spiritueux, c\u2019est miser sur une fili\u00e8re d\u2019avenir alliant passion, savoir-faire et opportunit\u00e9s professionnelles \u00e0 l\u2019\u00e9chelle mondiale. Int\u00e9grer l\u2019ISV : crit\u00e8res et accompagnement personnalis\u00e9 sont au c\u0153ur de notre approche pour permettre \u00e0 chaque \u00e9tudiant de construire un parcours sur mesure. Que vous soyez jeune dipl\u00f4m\u00e9, en reconversion ou d\u00e9j\u00e0 actif dans le monde viticole, l\u2019Institut Sup\u00e9rieur du Vin propose des formations professionnalisantes, accessibles selon des crit\u00e8res clairs et avec un accompagnement d\u00e9di\u00e9 pour r\u00e9ussir votre insertion dans la fili\u00e8re.<\/p>\n<p>[\/et_pb_text][\/et_pb_column][\/et_pb_row][et_pb_row column_structure=\u00a0\u00bb2_5,3_5&Prime; _builder_version=\u00a0\u00bb4.27.4&Prime; _module_preset=\u00a0\u00bbdefault\u00a0\u00bb global_colors_info=\u00a0\u00bb{}\u00a0\u00bb][et_pb_column type=\u00a0\u00bb2_5&Prime; _builder_version=\u00a0\u00bb4.27.4&Prime; _module_preset=\u00a0\u00bbdefault\u00a0\u00bb global_colors_info=\u00a0\u00bb{}\u00a0\u00bb][et_pb_image src=\u00a0\u00bbhttps:\/\/www.isvin.fr\/wp-content\/uploads\/2025\/04\/pexels-olly-3756623.jpg\u00a0\u00bb title_text=\u00a0\u00bbpexels-olly-3756623&Prime; _builder_version=\u00a0\u00bb4.27.4&Prime; _module_preset=\u00a0\u00bbdefault\u00a0\u00bb custom_margin=\u00a0\u00bb|15px|||false|false\u00a0\u00bb global_colors_info=\u00a0\u00bb{}\u00a0\u00bb][\/et_pb_image][\/et_pb_column][et_pb_column type=\u00a0\u00bb3_5&Prime; _builder_version=\u00a0\u00bb4.27.4&Prime; _module_preset=\u00a0\u00bbdefault\u00a0\u00bb global_colors_info=\u00a0\u00bb{}\u00a0\u00bb][et_pb_text _builder_version=\u00a0\u00bb4.27.4&Prime; _module_preset=\u00a0\u00bbdefault\u00a0\u00bb text_orientation=\u00a0\u00bbjustified\u00a0\u00bb global_colors_info=\u00a0\u00bb{}\u00a0\u00bb]<\/p>\n<p><strong>Pourquoi choisir l\u2019Institut Sup\u00e9rieur du Vin pour se former aux m\u00e9tiers du vin et des spiritueux ?<\/strong><\/p>\n<p>L\u2019Institut Sup\u00e9rieur du Vin (ISV) est une \u00e9cole de commerce sp\u00e9cialis\u00e9e dans le secteur des <strong>vins et spiritueux<\/strong>, situ\u00e9e au c\u0153ur d\u2019un \u00e9cosyst\u00e8me dynamique. Elle propose des <strong>formations professionnalisantes<\/strong> de niveau Bachelor (Bac+3) et Mast\u00e8re (Bac+5) dans les domaines du <strong>commerce<\/strong>, du <strong>marketing<\/strong>, de la <strong>communication<\/strong>, de l\u2019<strong>\u0153notourisme<\/strong> et du <strong>management<\/strong>. Chaque ann\u00e9e, l\u2019ISV forme des \u00e9tudiants passionn\u00e9s qui souhaitent construire une carri\u00e8re dans cet univers en pleine expansion.<\/p>\n<p>&nbsp;<\/p>\n<p><strong>Qui peut int\u00e9grer l\u2019ISV ? Les pr\u00e9requis selon le programme<\/strong><\/p>\n<p>Les conditions d\u2019admission \u00e0 l\u2019Institut Sup\u00e9rieur du Vin varient selon le niveau de formation vis\u00e9 :<\/p>\n<p>[\/et_pb_text][\/et_pb_column][\/et_pb_row][et_pb_row column_structure=\u00a0\u00bb3_5,2_5&Prime; _builder_version=\u00a0\u00bb4.27.4&Prime; _module_preset=\u00a0\u00bbdefault\u00a0\u00bb global_colors_info=\u00a0\u00bb{}\u00a0\u00bb][et_pb_column type=\u00a0\u00bb3_5&Prime; _builder_version=\u00a0\u00bb4.27.4&Prime; _module_preset=\u00a0\u00bbdefault\u00a0\u00bb global_colors_info=\u00a0\u00bb{}\u00a0\u00bb][et_pb_text _builder_version=\u00a0\u00bb4.27.4&Prime; _module_preset=\u00a0\u00bbdefault\u00a0\u00bb custom_margin=\u00a0\u00bb|15px|||false|false\u00a0\u00bb global_colors_info=\u00a0\u00bb{}\u00a0\u00bb]<\/p>\n<p><a href=\"https:\/\/www.isvin.fr\/formations\/bachelor-commerce-et-marketing-du-vin\/\" target=\"_blank\" rel=\"noopener\"><strong>Bachelor Commerce &amp; Marketing des Vins et Spiritueux (Bac+3)<\/strong><\/a><\/p>\n<ul>\n<li>\u00catre titulaire (ou en cours de validation) d\u2019un <strong>Bac+2<\/strong> ou d\u2019un <strong>titre RNCP de niveau 5<\/strong>.<\/li>\n<li>Justifier d\u2019un <strong>int\u00e9r\u00eat r\u00e9el pour le secteur vitivinicole<\/strong>.<\/li>\n<li>Une premi\u00e8re exp\u00e9rience dans le commerce ou la viticulture est un plus.<\/li>\n<\/ul>\n<p>&nbsp;<\/p>\n<p><a href=\"https:\/\/www.isvin.fr\/formations\/mba-wine-and-spirits-international-management\/\" target=\"_blank\" rel=\"noopener\"><strong>Mast\u00e8re Wine &amp; Spirits International Management (Bac+5)<\/strong><\/a><\/p>\n<ul>\n<li>\u00catre titulaire (ou en cours de validation) d\u2019un <strong>Bac+3<\/strong> ou d\u2019un <strong>titre RNCP de niveau 6<\/strong>.<\/li>\n<li>Avoir un <strong>projet professionnel orient\u00e9 vers l\u2019international<\/strong> dans le domaine des vins et spiritueux.<\/li>\n<li>Forte motivation pour \u00e9voluer dans une fili\u00e8re tourn\u00e9e vers l\u2019export, le management ou la strat\u00e9gie commerciale.<\/li>\n<\/ul>\n<p>&nbsp;<\/p>\n<p>&nbsp;<\/p>\n<p><strong>Comment se d\u00e9roule le processus d\u2019admission \u00e0 l\u2019Institut Sup\u00e9rieur du Vin ?<\/strong><\/p>\n<ol>\n<li><a href=\"https:\/\/www.isvin.fr\/mon-compte\/dossier-dinscription\/\" target=\"_blank\" rel=\"noopener\"><strong>D\u00e9p\u00f4t du dossier de candidature (100 % en ligne)<\/strong><\/a><\/li>\n<\/ol>\n<p>Les candidats doivent soumettre un <strong>dossier de candidature complet<\/strong> via notre plateforme :<\/p>\n<ul>\n<li>CV d\u00e9taillant le parcours acad\u00e9mique et professionnel<\/li>\n<li>Relev\u00e9s de notes et dipl\u00f4mes obtenus (ou en cours)<\/li>\n<li>Pi\u00e8ce d\u2019identit\u00e9 (CNI ou passeport)<\/li>\n<li>Lettre de motivation int\u00e9gr\u00e9e dans le formulaire en ligne<\/li>\n<\/ul>\n<p>[\/et_pb_text][\/et_pb_column][et_pb_column type=\u00a0\u00bb2_5&Prime; _builder_version=\u00a0\u00bb4.27.4&Prime; _module_preset=\u00a0\u00bbdefault\u00a0\u00bb global_colors_info=\u00a0\u00bb{}\u00a0\u00bb][et_pb_image src=\u00a0\u00bbhttps:\/\/www.isvin.fr\/wp-content\/uploads\/2025\/04\/1.jpg\u00a0\u00bb title_text=\u00a0\u00bb1&Prime; _builder_version=\u00a0\u00bb4.27.4&Prime; _module_preset=\u00a0\u00bbdefault\u00a0\u00bb global_colors_info=\u00a0\u00bb{}\u00a0\u00bb][\/et_pb_image][\/et_pb_column][\/et_pb_row][et_pb_row column_structure=\u00a0\u00bb2_5,3_5&Prime; _builder_version=\u00a0\u00bb4.27.4&Prime; _module_preset=\u00a0\u00bbdefault\u00a0\u00bb global_colors_info=\u00a0\u00bb{}\u00a0\u00bb][et_pb_column type=\u00a0\u00bb2_5&Prime; _builder_version=\u00a0\u00bb4.27.4&Prime; _module_preset=\u00a0\u00bbdefault\u00a0\u00bb global_colors_info=\u00a0\u00bb{}\u00a0\u00bb][et_pb_image src=\u00a0\u00bbhttps:\/\/www.isvin.fr\/wp-content\/uploads\/2025\/04\/2.jpg\u00a0\u00bb title_text=\u00a0\u00bb2&Prime; _builder_version=\u00a0\u00bb4.27.4&Prime; _module_preset=\u00a0\u00bbdefault\u00a0\u00bb custom_margin=\u00a0\u00bb|15px|||false|false\u00a0\u00bb global_colors_info=\u00a0\u00bb{}\u00a0\u00bb][\/et_pb_image][\/et_pb_column][et_pb_column type=\u00a0\u00bb3_5&Prime; _builder_version=\u00a0\u00bb4.27.4&Prime; _module_preset=\u00a0\u00bbdefault\u00a0\u00bb global_colors_info=\u00a0\u00bb{}\u00a0\u00bb][et_pb_text _builder_version=\u00a0\u00bb4.27.4&Prime; _module_preset=\u00a0\u00bbdefault\u00a0\u00bb global_colors_info=\u00a0\u00bb{}\u00a0\u00bb]<\/p>\n<ol start=\"2\">\n<li><strong>Entretien de s\u00e9lection en visio<\/strong><\/li>\n<\/ol>\n<p>Apr\u00e8s validation du dossier, un <strong>entretien individuel \u00e0 distance<\/strong> est organis\u00e9 avec le responsable des admissions. Les Objectifs :<\/p>\n<ul>\n<li>\u00c9valuer la motivation du candidat<\/li>\n<li>V\u00e9rifier la coh\u00e9rence de son projet professionnel<\/li>\n<li>Mesurer son int\u00e9r\u00eat pour le secteur vinicole<\/li>\n<\/ul>\n<p>&nbsp;<\/p>\n<ol start=\"3\">\n<li><strong>Confirmation d<\/strong><strong>\u2019admission et accompagnement <\/strong><strong>\u00e0 l<\/strong><strong>\u2019inscription<\/strong><\/li>\n<\/ol>\n<p>Si le candidat est retenu, l\u2019\u00e9quipe de l\u2019ISV l\u2019accompagne alors dans la recherche d\u2019une <strong>entreprise d\u2019accueil pour l\u2019alternance<\/strong>.<\/p>\n<p>[\/et_pb_text][\/et_pb_column][\/et_pb_row][et_pb_row column_structure=\u00a0\u00bb1_2,1_2&Prime; _builder_version=\u00a0\u00bb4.27.4&Prime; _module_preset=\u00a0\u00bbdefault\u00a0\u00bb global_colors_info=\u00a0\u00bb{}\u00a0\u00bb][et_pb_column type=\u00a0\u00bb1_2&Prime; _builder_version=\u00a0\u00bb4.27.4&Prime; _module_preset=\u00a0\u00bbdefault\u00a0\u00bb global_colors_info=\u00a0\u00bb{}\u00a0\u00bb][et_pb_text _builder_version=\u00a0\u00bb4.27.4&Prime; _module_preset=\u00a0\u00bbdefault\u00a0\u00bb custom_margin=\u00a0\u00bb|30px|||false|false\u00a0\u00bb global_colors_info=\u00a0\u00bb{}\u00a0\u00bb]<\/p>\n<p><strong>Un accompagnement sur-mesure pour favoriser la r\u00e9ussite<\/strong><\/p>\n<p>\u00c0 l\u2019ISV, chaque \u00e9tudiant b\u00e9n\u00e9ficie d\u2019un <strong>suivi personnalis\u00e9<\/strong> tout au long de son parcours :<\/p>\n<p><strong>Accompagnement \u00e0 l\u2019alternance<\/strong><\/p>\n<ul>\n<li>Plateforme d\u2019offres en alternance exclusive ISV<\/li>\n<li>Coaching CV, lettres de motivation et pr\u00e9paration aux entretiens<\/li>\n<li>Suivi individuel jusqu\u2019\u00e0 la signature du contrat<\/li>\n<\/ul>\n<p>[\/et_pb_text][\/et_pb_column][et_pb_column type=\u00a0\u00bb1_2&Prime; _builder_version=\u00a0\u00bb4.27.4&Prime; _module_preset=\u00a0\u00bbdefault\u00a0\u00bb global_colors_info=\u00a0\u00bb{}\u00a0\u00bb][et_pb_text _builder_version=\u00a0\u00bb4.27.4&Prime; _module_preset=\u00a0\u00bbdefault\u00a0\u00bb global_colors_info=\u00a0\u00bb{}\u00a0\u00bb]<\/p>\n<p><strong>Suivi p\u00e9dagogique par des professionnels du secteur<\/strong><\/p>\n<ul>\n<li>Intervenants issus du monde viticole<\/li>\n<li>\u00c9tudes de cas, mises en situation, projets concrets<\/li>\n<\/ul>\n<p>&nbsp;<\/p>\n<p><strong>R\u00e9seau &amp; insertion professionnelle<\/strong><\/p>\n<ul>\n<li>Acc\u00e8s \u00e0 une <strong>CVth\u00e8que diffus\u00e9e aux entreprises partenaires<\/strong><\/li>\n<li>\u00c9v\u00e9nements m\u00e9tiers, masterclass, salons professionnels<\/li>\n<li>Aide \u00e0 la <strong>recherche d\u2019emploi post-dipl\u00f4me<\/strong><\/li>\n<\/ul>\n<p>[\/et_pb_text][\/et_pb_column][\/et_pb_row][et_pb_row _builder_version=\u00a0\u00bb4.27.4&Prime; _module_preset=\u00a0\u00bbdefault\u00a0\u00bb global_colors_info=\u00a0\u00bb{}\u00a0\u00bb][et_pb_column type=\u00a0\u00bb4_4&Prime; _builder_version=\u00a0\u00bb4.27.4&Prime; _module_preset=\u00a0\u00bbdefault\u00a0\u00bb global_colors_info=\u00a0\u00bb{}\u00a0\u00bb][et_pb_text _builder_version=\u00a0\u00bb4.27.4&Prime; _module_preset=\u00a0\u00bbdefault\u00a0\u00bb global_colors_info=\u00a0\u00bb{}\u00a0\u00bb]<\/p>\n<p>Vous avez des questions sur nos formations ? N&rsquo;h\u00e9sitez pas \u00e0 nous contacter : <a href=\"https:\/\/events.studizz.fr\/link\/66f2791b9daaf136087eca29\" target=\"_blank\" rel=\"noopener\">ici<\/a> !<\/p>\n<p>[\/et_pb_text][\/et_pb_column][\/et_pb_row][\/et_pb_section]<\/p>\n","protected":false},"excerpt":{"rendered":"<p>[et_pb_section fb_built=\u00a0\u00bb1&Prime; _builder_version=\u00a0\u00bb4.27.4&Prime; _module_preset=\u00a0\u00bbdefault\u00a0\u00bb global_colors_info=\u00a0\u00bb{}\u00a0\u00bb][et_pb_row _builder_version=\u00a0\u00bb4.27.4&Prime; _module_preset=\u00a0\u00bbdefault\u00a0\u00bb global_colors_info=\u00a0\u00bb{}\u00a0\u00bb][et_pb_column type=\u00a0\u00bb4_4&Prime; _builder_version=\u00a0\u00bb4.27.4&Prime; _module_preset=\u00a0\u00bbdefault\u00a0\u00bb global_colors_info=\u00a0\u00bb{}\u00a0\u00bb][et_pb_text _builder_version=\u00a0\u00bb4.27.4&Prime; _module_preset=\u00a0\u00bbdefault\u00a0\u00bb text_orientation=\u00a0\u00bbjustified\u00a0\u00bb global_colors_info=\u00a0\u00bb{}\u00a0\u00bb] Choisir une formation dans le secteur des vins et spiritueux, c\u2019est miser sur une fili\u00e8re d\u2019avenir alliant passion, savoir-faire et opportunit\u00e9s professionnelles \u00e0 l\u2019\u00e9chelle mondiale. Int\u00e9grer l\u2019ISV : crit\u00e8res et accompagnement personnalis\u00e9 sont au c\u0153ur de notre approche pour [&hellip;]<\/p>\n","protected":false},"author":153251,"featured_media":16063,"comment_status":"closed","ping_status":"closed","sticky":false,"template":"","format":"standard","meta":{"_acf_changed":false,"_seopress_robots_primary_cat":"","_seopress_titles_title":"","_seopress_titles_desc":"Int\u00e9grer l\u2019ISV : crit\u00e8res et accompagnement personnalis\u00e9. Les premiers pas vers la r\u00e9ussite dans le secteur des vins et spiritueux.","_seopress_robots_index":"","footnotes":""},"categories":[8,6,5],"tags":[],"class_list":["post-16060","post","type-post","status-publish","format-standard","has-post-thumbnail","hentry","category-actualites","category-de-lisv","category-du-blog"],"acf":[],"_links":{"self":[{"href":"https:\/\/www.isvin.fr\/en\/wp-json\/wp\/v2\/posts\/16060","targetHints":{"allow":["GET"]}}],"collection":[{"href":"https:\/\/www.isvin.fr\/en\/wp-json\/wp\/v2\/posts"}],"about":[{"href":"https:\/\/www.isvin.fr\/en\/wp-json\/wp\/v2\/types\/post"}],"author":[{"embeddable":true,"href":"https:\/\/www.isvin.fr\/en\/wp-json\/wp\/v2\/users\/153251"}],"replies":[{"embeddable":true,"href":"https:\/\/www.isvin.fr\/en\/wp-json\/wp\/v2\/comments?post=16060"}],"version-history":[{"count":0,"href":"https:\/\/www.isvin.fr\/en\/wp-json\/wp\/v2\/posts\/16060\/revisions"}],"wp:featuredmedia":[{"embeddable":true,"href":"https:\/\/www.isvin.fr\/en\/wp-json\/wp\/v2\/media\/16063"}],"wp:attachment":[{"href":"https:\/\/www.isvin.fr\/en\/wp-json\/wp\/v2\/media?parent=16060"}],"wp:term":[{"taxonomy":"category","embeddable":true,"href":"https:\/\/www.isvin.fr\/en\/wp-json\/wp\/v2\/categories?post=16060"},{"taxonomy":"post_tag","embeddable":true,"href":"https:\/\/www.isvin.fr\/en\/wp-json\/wp\/v2\/tags?post=16060"}],"curies":[{"name":"wp","href":"https:\/\/api.w.org\/{rel}","templated":true}]}}