{"id":16052,"date":"2025-04-02T12:16:52","date_gmt":"2025-04-02T10:16:52","guid":{"rendered":"https:\/\/www.isvin.fr\/?p=16052"},"modified":"2025-04-07T10:57:54","modified_gmt":"2025-04-07T08:57:54","slug":"lisv-renforce-son-offre-de-formations-a-dijon","status":"publish","type":"post","link":"https:\/\/www.isvin.fr\/en\/2025\/04\/02\/lisv-renforce-son-offre-de-formations-a-dijon\/","title":{"rendered":"ISV strengthens its range of training courses in Dijon"},"content":{"rendered":"<p>[et_pb_section fb_built=\u00a0\u00bb1&Prime; _builder_version=\u00a0\u00bb4.27.4&Prime; _module_preset=\u00a0\u00bbdefault\u00a0\u00bb global_colors_info=\u00a0\u00bb{}\u00a0\u00bb][et_pb_row _builder_version=\u00a0\u00bb4.27.4&Prime; _module_preset=\u00a0\u00bbdefault\u00a0\u00bb global_colors_info=\u00a0\u00bb{}\u00a0\u00bb][et_pb_column type=\u00a0\u00bb4_4&Prime; _builder_version=\u00a0\u00bb4.27.4&Prime; _module_preset=\u00a0\u00bbdefault\u00a0\u00bb global_colors_info=\u00a0\u00bb{}\u00a0\u00bb][et_pb_text _builder_version=\u00a0\u00bb4.27.4&Prime; _module_preset=\u00a0\u00bbdefault\u00a0\u00bb global_colors_info=\u00a0\u00bb{}\u00a0\u00bb]<\/p>\n<p>L\u2019<a href=\"http:\/\/www.isvin.fr\" target=\"_blank\" rel=\"noopener\">ISV<\/a> renforce son offre de formations en lan\u00e7ant ses programmes Bachelor et Mast\u00e8re sp\u00e9cialis\u00e9s Vins &amp; Spiritueux \u00e0 Dijon, en partenariat avec l\u2019<a href=\"https:\/\/www.esg.fr\/ecole-dijon\" target=\"_blank\" rel=\"noopener\">ESG<\/a>. Une implantation strat\u00e9gique au c\u0153ur de la Bourgogne, berceau de la viticulture fran\u00e7aise, pour former les futurs experts du secteur.<\/p>\n<p>[\/et_pb_text][\/et_pb_column][\/et_pb_row][et_pb_row column_structure=\u00a0\u00bb2_5,3_5&Prime; _builder_version=\u00a0\u00bb4.27.4&Prime; _module_preset=\u00a0\u00bbdefault\u00a0\u00bb global_colors_info=\u00a0\u00bb{}\u00a0\u00bb][et_pb_column type=\u00a0\u00bb2_5&Prime; _builder_version=\u00a0\u00bb4.27.4&Prime; _module_preset=\u00a0\u00bbdefault\u00a0\u00bb global_colors_info=\u00a0\u00bb{}\u00a0\u00bb][et_pb_image src=\u00a0\u00bbhttps:\/\/www.isvin.fr\/wp-content\/uploads\/2025\/04\/ESG-x-ISV.jpg\u00a0\u00bb title_text=\u00a0\u00bbESG-x-ISV\u00a0\u00bb _builder_version=\u00a0\u00bb4.27.4&Prime; _module_preset=\u00a0\u00bbdefault\u00a0\u00bb custom_margin=\u00a0\u00bb|15px|||false|false\u00a0\u00bb global_colors_info=\u00a0\u00bb{}\u00a0\u00bb][\/et_pb_image][\/et_pb_column][et_pb_column type=\u00a0\u00bb3_5&Prime; _builder_version=\u00a0\u00bb4.27.4&Prime; _module_preset=\u00a0\u00bbdefault\u00a0\u00bb global_colors_info=\u00a0\u00bb{}\u00a0\u00bb][et_pb_text _builder_version=\u00a0\u00bb4.27.4&Prime; _module_preset=\u00a0\u00bbdefault\u00a0\u00bb global_colors_info=\u00a0\u00bb{}\u00a0\u00bb]<\/p>\n<p><strong>Une implantation strat\u00e9gique au c\u0153ur d\u2019un territoire viticole d\u2019exception<\/strong><\/p>\n<p>L\u2019ouverture des programmes Bachelor et Mast\u00e8re sp\u00e9cialis\u00e9s Vins &amp; Spiritueux sur le campus ESG Dijon marque une \u00e9tape importante pour l\u2019ISV. En s\u2019installant dans une r\u00e9gion mondialement reconnue pour la richesse de ses terroirs, l\u2019\u00e9cole sp\u00e9cialis\u00e9e renforce son ancrage dans les territoires cl\u00e9s de la fili\u00e8re vitivinicole.<\/p>\n<p>Ce lancement officiel, co-anim\u00e9 avec l\u2019\u00e9quipe de l\u2019ESG Dijon, a \u00e9t\u00e9 l\u2019occasion de r\u00e9unir \u00e9tudiants, professionnels du secteur et partenaires dans une ambiance conviviale. L\u2019\u00e9v\u00e9nement, accueilli par <a href=\"https:\/\/www.le-gout-du-vin.fr\/\" target=\"_blank\" rel=\"noopener\"><em>Le Go\u00fbt du Vin<\/em><\/a>, s\u2019est conclu par une d\u00e9gustation de vins \u00e9trangers, un clin d\u2019\u0153il \u00e0 la dimension internationale du <strong>Mast\u00e8re Wine &amp; Spirits International Management<\/strong>. Ce moment symbolique vient confirmer la coh\u00e9rence et la l\u00e9gitimit\u00e9 de cette nouvelle implantation, qui s\u2019inscrit dans la dynamique de croissance de l\u2019ISV.<\/p>\n<p><strong>Des programmes professionnalisants au service de la fili\u00e8re vins &amp; spiritueux<\/strong><\/p>\n<p>Les cursus propos\u00e9s \u00e0 Dijon ont \u00e9t\u00e9 con\u00e7us pour r\u00e9pondre aux besoins concrets du secteur. Alliant exigence acad\u00e9mique, approche terrain et ouverture \u00e0 l\u2019international, ces formations visent \u00e0 former des professionnels op\u00e9rationnels dans les domaines du marketing, de la commercialisation, de la communication ou encore de la gestion de projet appliqu\u00e9e aux vins et spiritueux.<\/p>\n<p>Gr\u00e2ce \u00e0 ce partenariat avec l\u2019ESG, les \u00e9tudiants b\u00e9n\u00e9ficieront d\u2019un cadre d\u2019apprentissage stimulant, alliant sp\u00e9cialisation sectorielle et comp\u00e9tences business.<\/p>\n<p>L\u2019ISV confirme ainsi sa vocation : proposer des parcours professionnalisants, humains et passionn\u00e9s, au plus proche des r\u00e9alit\u00e9s du march\u00e9, pour accompagner les talents de demain dans une fili\u00e8re en pleine \u00e9volution.<\/p>\n<p>&nbsp;<\/p>\n<p>[\/et_pb_text][\/et_pb_column][\/et_pb_row][\/et_pb_section]<\/p>\n","protected":false},"excerpt":{"rendered":"<p>[et_pb_section fb_built=\u00a0\u00bb1&Prime; _builder_version=\u00a0\u00bb4.27.4&Prime; _module_preset=\u00a0\u00bbdefault\u00a0\u00bb global_colors_info=\u00a0\u00bb{}\u00a0\u00bb][et_pb_row _builder_version=\u00a0\u00bb4.27.4&Prime; _module_preset=\u00a0\u00bbdefault\u00a0\u00bb global_colors_info=\u00a0\u00bb{}\u00a0\u00bb][et_pb_column type=\u00a0\u00bb4_4&Prime; _builder_version=\u00a0\u00bb4.27.4&Prime; _module_preset=\u00a0\u00bbdefault\u00a0\u00bb global_colors_info=\u00a0\u00bb{}\u00a0\u00bb][et_pb_text _builder_version=\u00a0\u00bb4.27.4&Prime; _module_preset=\u00a0\u00bbdefault\u00a0\u00bb global_colors_info=\u00a0\u00bb{}\u00a0\u00bb] L\u2019ISV renforce son offre de formations en lan\u00e7ant ses programmes Bachelor et Mast\u00e8re sp\u00e9cialis\u00e9s Vins &amp; Spiritueux \u00e0 Dijon, en partenariat avec l\u2019ESG. Une implantation strat\u00e9gique au c\u0153ur de la Bourgogne, berceau de la viticulture fran\u00e7aise, pour former les futurs [&hellip;]<\/p>\n","protected":false},"author":153251,"featured_media":16055,"comment_status":"closed","ping_status":"closed","sticky":false,"template":"","format":"standard","meta":{"_acf_changed":false,"_seopress_robots_primary_cat":"","_seopress_titles_title":"","_seopress_titles_desc":"L\u2019ISV renforce son offre de formations en vin et spiritueux, avec l&#039;ouverture d&#039;un bachelor et Mast\u00e8re \u00e0 Dijon.","_seopress_robots_index":"","footnotes":""},"categories":[8,6,5],"tags":[],"class_list":["post-16052","post","type-post","status-publish","format-standard","has-post-thumbnail","hentry","category-actualites","category-de-lisv","category-du-blog"],"acf":[],"_links":{"self":[{"href":"https:\/\/www.isvin.fr\/en\/wp-json\/wp\/v2\/posts\/16052","targetHints":{"allow":["GET"]}}],"collection":[{"href":"https:\/\/www.isvin.fr\/en\/wp-json\/wp\/v2\/posts"}],"about":[{"href":"https:\/\/www.isvin.fr\/en\/wp-json\/wp\/v2\/types\/post"}],"author":[{"embeddable":true,"href":"https:\/\/www.isvin.fr\/en\/wp-json\/wp\/v2\/users\/153251"}],"replies":[{"embeddable":true,"href":"https:\/\/www.isvin.fr\/en\/wp-json\/wp\/v2\/comments?post=16052"}],"version-history":[{"count":0,"href":"https:\/\/www.isvin.fr\/en\/wp-json\/wp\/v2\/posts\/16052\/revisions"}],"wp:featuredmedia":[{"embeddable":true,"href":"https:\/\/www.isvin.fr\/en\/wp-json\/wp\/v2\/media\/16055"}],"wp:attachment":[{"href":"https:\/\/www.isvin.fr\/en\/wp-json\/wp\/v2\/media?parent=16052"}],"wp:term":[{"taxonomy":"category","embeddable":true,"href":"https:\/\/www.isvin.fr\/en\/wp-json\/wp\/v2\/categories?post=16052"},{"taxonomy":"post_tag","embeddable":true,"href":"https:\/\/www.isvin.fr\/en\/wp-json\/wp\/v2\/tags?post=16052"}],"curies":[{"name":"wp","href":"https:\/\/api.w.org\/{rel}","templated":true}]}}