{"id":16010,"date":"2025-03-31T16:17:16","date_gmt":"2025-03-31T14:17:16","guid":{"rendered":"https:\/\/www.isvin.fr\/?p=16010"},"modified":"2025-04-07T10:57:17","modified_gmt":"2025-04-07T08:57:17","slug":"become-an-international-wine-and-spirits-expert","status":"publish","type":"post","link":"https:\/\/www.isvin.fr\/en\/2025\/03\/31\/mastere-devenez-expert-des-vins-et-spiritueux-a-linternational\/","title":{"rendered":"Master's degree: Become an international wine and spirits expert"},"content":{"rendered":"<p>[et_pb_section fb_built=\u00a0\u00bb1&Prime; _builder_version=\u00a0\u00bb4.27.4&Prime; _module_preset=\u00a0\u00bbdefault\u00a0\u00bb global_colors_info=\u00a0\u00bb{}\u00a0\u00bb][et_pb_row _builder_version=\u00a0\u00bb4.27.4&Prime; _module_preset=\u00a0\u00bbdefault\u00a0\u00bb global_colors_info=\u00a0\u00bb{}\u00a0\u00bb][et_pb_column type=\u00a0\u00bb4_4&Prime; _builder_version=\u00a0\u00bb4.27.4&Prime; _module_preset=\u00a0\u00bbdefault\u00a0\u00bb global_colors_info=\u00a0\u00bb{}\u00a0\u00bb][et_pb_text _builder_version=\u00a0\u00bb4.27.4&Prime; _module_preset=\u00a0\u00bbdefault\u00a0\u00bb global_colors_info=\u00a0\u00bb{}\u00a0\u00bb]<\/p>\n<p>Vous r\u00eavez d\u2019\u00e9voluer dans le monde du vin, avec une sp\u00e9cialisation en marketing, commerce et strat\u00e9gie ? Le Mast\u00e8re <a href=\"https:\/\/www.isvin.fr\/formations\/mba-wine-and-spirits-international-management\/\" target=\"_blank\" rel=\"noopener\">Wine and Spirits International Management<\/a> de l\u2019Institut Sup\u00e9rieur du Vin est fait pour vous. Devenez expert des Vins et Spiritueux \u00e0 l&rsquo;international !<\/p>\n<p>[\/et_pb_text][\/et_pb_column][\/et_pb_row][et_pb_row column_structure=\u00a0\u00bb2_5,3_5&Prime; _builder_version=\u00a0\u00bb4.27.4&Prime; _module_preset=\u00a0\u00bbdefault\u00a0\u00bb global_colors_info=\u00a0\u00bb{}\u00a0\u00bb][et_pb_column type=\u00a0\u00bb2_5&Prime; _builder_version=\u00a0\u00bb4.27.4&Prime; _module_preset=\u00a0\u00bbdefault\u00a0\u00bb global_colors_info=\u00a0\u00bb{}\u00a0\u00bb][et_pb_image src=\u00a0\u00bbhttps:\/\/www.isvin.fr\/wp-content\/uploads\/2025\/03\/FOCUS-MASTERE.jpg\u00a0\u00bb alt=\u00a0\u00bbDevenez expert des vins et spiritueux \u00e0 l&rsquo;international \u00a0\u00bb title_text=\u00a0\u00bbFOCUS-MASTERE\u00a0\u00bb admin_label=\u00a0\u00bbImage\u00a0\u00bb _builder_version=\u00a0\u00bb4.27.4&Prime; _module_preset=\u00a0\u00bbdefault\u00a0\u00bb custom_margin=\u00a0\u00bb|15px|||false|false\u00a0\u00bb global_colors_info=\u00a0\u00bb{}\u00a0\u00bb][\/et_pb_image][\/et_pb_column][et_pb_column type=\u00a0\u00bb3_5&Prime; _builder_version=\u00a0\u00bb4.27.4&Prime; _module_preset=\u00a0\u00bbdefault\u00a0\u00bb global_colors_info=\u00a0\u00bb{}\u00a0\u00bb][et_pb_text _builder_version=\u00a0\u00bb4.27.4&Prime; _module_preset=\u00a0\u00bbdefault\u00a0\u00bb text_orientation=\u00a0\u00bbjustified\u00a0\u00bb global_colors_info=\u00a0\u00bb{}\u00a0\u00bb]<\/p>\n<p><strong>Une formation d\u2019excellence d\u00e9di\u00e9e aux m\u00e9tiers du vin\u00a0<\/strong><\/p>\n<p>Ce <strong>mast\u00e8re sp\u00e9cialis\u00e9 dans les vins et spiritueux<\/strong>\u00a0s\u2019adresse aux \u00e9tudiants titulaires d\u2019un Bac+3 \u00e0 Bac+5 souhaitant se former aux enjeux \u00e9conomiques, commerciaux et marketing de la fili\u00e8re vitivinicole. Reconnue pour son expertise sectorielle, <strong>l\u2019ISV forme des professionnels pr\u00eats \u00e0 int\u00e9grer ou diriger des structures du secteur vin et spiritueux<\/strong>, en France comme \u00e0 l\u2019international.<\/p>\n<p>&nbsp;<\/p>\n<p><strong>Une p\u00e9dagogie professionnalisante et immersive<\/strong><\/p>\n<p>Gr\u00e2ce \u00e0 l\u2019<strong>alternance<\/strong>, les \u00e9tudiants du mast\u00e8re appliquent leurs comp\u00e9tences en entreprise tout au long de la formation. Cette immersion permet de d\u00e9velopper une expertise op\u00e9rationnelle, de construire un r\u00e9seau solide et de favoriser une insertion rapide sur le march\u00e9 de l\u2019emploi.<\/p>\n<p>&nbsp;<\/p>\n<p>[\/et_pb_text][\/et_pb_column][\/et_pb_row][et_pb_row _builder_version=\u00a0\u00bb4.27.4&Prime; _module_preset=\u00a0\u00bbdefault\u00a0\u00bb global_colors_info=\u00a0\u00bb{}\u00a0\u00bb][et_pb_column type=\u00a0\u00bb4_4&Prime; _builder_version=\u00a0\u00bb4.27.4&Prime; _module_preset=\u00a0\u00bbdefault\u00a0\u00bb global_colors_info=\u00a0\u00bb{}\u00a0\u00bb][et_pb_text _builder_version=\u00a0\u00bb4.27.4&Prime; _module_preset=\u00a0\u00bbdefault\u00a0\u00bb global_colors_info=\u00a0\u00bb{}\u00a0\u00bb]<\/p>\n<p>Au programme : strat\u00e9gie commerciale, marketing digital, gestion de marque, commerce international du vin, export, \u0153notourisme, d\u00e9veloppement durable, mais aussi d\u00e9gustation, culture produit et visite de vignobles.<\/p>\n<p>&nbsp;<\/p>\n<p><strong>Une \u00e9cole du vin au c\u0153ur d\u2019un territoire viticole<\/strong><\/p>\n<p>Situ\u00e9 \u00e0 Montpellier, <strong>l\u2019Institut Sup\u00e9rieur du Vin b\u00e9n\u00e9ficie d\u2019un ancrage fort dans l\u2019\u00e9cosyst\u00e8me vitivinicole du Sud de la France<\/strong>, entre Languedoc, Provence et Vall\u00e9e du Rh\u00f4ne. Cet environnement riche permet aux \u00e9tudiants de vivre pleinement leur passion et de multiplier les opportunit\u00e9s professionnelles.<\/p>\n<p>&nbsp;<\/p>\n<p><strong>Pourquoi choisir le Mast\u00e8re de l\u2019ISV ?<\/strong><\/p>\n<ul>\n<li>Une <strong>formation 100 % d\u00e9di\u00e9e aux vins et spiritueux<\/strong><\/li>\n<li>Une <strong>expertise reconnue par les professionnels du secteur<\/strong><\/li>\n<li>Une <strong>p\u00e9dagogie bas\u00e9e sur l\u2019alternance et la pratique<\/strong><\/li>\n<li>Un <strong>r\u00e9seau d\u2019entreprises partenaires dans toute la fili\u00e8re<\/strong><\/li>\n<li>Des <strong>d\u00e9bouch\u00e9s vari\u00e9s<\/strong> : chef de produit, responsable export, charg\u00e9 de communication, brand manager, etc.<\/li>\n<\/ul>\n<p>&nbsp;<\/p>\n<p><strong>Vous souhaitez vous former aux m\u00e9tiers du vin et booster votre carri\u00e8re dans un secteur passionnant ? <\/strong><a href=\"https:\/\/events.studizz.fr\/link\/66f2791b9daaf136087eca29\" target=\"_blank\" rel=\"noopener\"><strong>Rejoignez le Mast\u00e8re Wine and Spirits International Management de l\u2019ISV.<\/strong><\/a><\/p>\n<p>&nbsp;<\/p>\n<p>[\/et_pb_text][\/et_pb_column][\/et_pb_row][\/et_pb_section]<\/p>\n","protected":false},"excerpt":{"rendered":"<p>[et_pb_section fb_built=\u00a0\u00bb1&Prime; _builder_version=\u00a0\u00bb4.27.4&Prime; _module_preset=\u00a0\u00bbdefault\u00a0\u00bb global_colors_info=\u00a0\u00bb{}\u00a0\u00bb][et_pb_row _builder_version=\u00a0\u00bb4.27.4&Prime; _module_preset=\u00a0\u00bbdefault\u00a0\u00bb global_colors_info=\u00a0\u00bb{}\u00a0\u00bb][et_pb_column type=\u00a0\u00bb4_4&Prime; _builder_version=\u00a0\u00bb4.27.4&Prime; _module_preset=\u00a0\u00bbdefault\u00a0\u00bb global_colors_info=\u00a0\u00bb{}\u00a0\u00bb][et_pb_text _builder_version=\u00a0\u00bb4.27.4&Prime; _module_preset=\u00a0\u00bbdefault\u00a0\u00bb global_colors_info=\u00a0\u00bb{}\u00a0\u00bb] Vous r\u00eavez d\u2019\u00e9voluer dans le monde du vin, avec une sp\u00e9cialisation en marketing, commerce et strat\u00e9gie ? Le Mast\u00e8re Wine and Spirits International Management de l\u2019Institut Sup\u00e9rieur du Vin est fait pour vous. Devenez expert des Vins et Spiritueux \u00e0 [&hellip;]<\/p>\n","protected":false},"author":153251,"featured_media":16017,"comment_status":"closed","ping_status":"closed","sticky":false,"template":"","format":"standard","meta":{"_acf_changed":false,"_seopress_robots_primary_cat":"","_seopress_titles_title":"","_seopress_titles_desc":"Devenez expert des Vins et Spiritueux \u00e0 l\u2019international gr\u00e2ce \u00e0 un mast\u00e8re professionnalisant \u00e0 l&#039;Institut Sup\u00e9rieur du Vin.","_seopress_robots_index":"","footnotes":""},"categories":[8,6,5],"tags":[],"class_list":["post-16010","post","type-post","status-publish","format-standard","has-post-thumbnail","hentry","category-actualites","category-de-lisv","category-du-blog"],"acf":[],"_links":{"self":[{"href":"https:\/\/www.isvin.fr\/en\/wp-json\/wp\/v2\/posts\/16010","targetHints":{"allow":["GET"]}}],"collection":[{"href":"https:\/\/www.isvin.fr\/en\/wp-json\/wp\/v2\/posts"}],"about":[{"href":"https:\/\/www.isvin.fr\/en\/wp-json\/wp\/v2\/types\/post"}],"author":[{"embeddable":true,"href":"https:\/\/www.isvin.fr\/en\/wp-json\/wp\/v2\/users\/153251"}],"replies":[{"embeddable":true,"href":"https:\/\/www.isvin.fr\/en\/wp-json\/wp\/v2\/comments?post=16010"}],"version-history":[{"count":0,"href":"https:\/\/www.isvin.fr\/en\/wp-json\/wp\/v2\/posts\/16010\/revisions"}],"wp:featuredmedia":[{"embeddable":true,"href":"https:\/\/www.isvin.fr\/en\/wp-json\/wp\/v2\/media\/16017"}],"wp:attachment":[{"href":"https:\/\/www.isvin.fr\/en\/wp-json\/wp\/v2\/media?parent=16010"}],"wp:term":[{"taxonomy":"category","embeddable":true,"href":"https:\/\/www.isvin.fr\/en\/wp-json\/wp\/v2\/categories?post=16010"},{"taxonomy":"post_tag","embeddable":true,"href":"https:\/\/www.isvin.fr\/en\/wp-json\/wp\/v2\/tags?post=16010"}],"curies":[{"name":"wp","href":"https:\/\/api.w.org\/{rel}","templated":true}]}}