{"id":15957,"date":"2025-03-31T14:58:38","date_gmt":"2025-03-31T12:58:38","guid":{"rendered":"https:\/\/www.isvin.fr\/?p=15957"},"modified":"2025-04-07T10:56:19","modified_gmt":"2025-04-07T08:56:19","slug":"bachelor-formez-vous-aux-metiers-du-vin","status":"publish","type":"post","link":"https:\/\/www.isvin.fr\/en\/2025\/03\/31\/bachelor-formez-vous-aux-metiers-du-vin\/","title":{"rendered":"Bachelor's degree: training for the wine industry"},"content":{"rendered":"<p>[et_pb_section fb_built=\u00a0\u00bb1&Prime; admin_label=\u00a0\u00bbsection\u00a0\u00bb _builder_version=\u00a0\u00bb4.27.4&Prime; global_colors_info=\u00a0\u00bb{}\u00a0\u00bb][et_pb_row _builder_version=\u00a0\u00bb4.27.4&Prime; _module_preset=\u00a0\u00bbdefault\u00a0\u00bb collapsed=\u00a0\u00bboff\u00a0\u00bb global_colors_info=\u00a0\u00bb{}\u00a0\u00bb][et_pb_column type=\u00a0\u00bb4_4&Prime; _builder_version=\u00a0\u00bb4.27.4&Prime; _module_preset=\u00a0\u00bbdefault\u00a0\u00bb global_colors_info=\u00a0\u00bb{}\u00a0\u00bb][et_pb_text _builder_version=\u00a0\u00bb4.27.4&Prime; _module_preset=\u00a0\u00bbdefault\u00a0\u00bb custom_margin=\u00a0\u00bb||15px||false|false\u00a0\u00bb custom_padding=\u00a0\u00bb||15px||false|false\u00a0\u00bb global_colors_info=\u00a0\u00bb{}\u00a0\u00bb]<\/p>\n<p>Formez-vous aux m\u00e9tiers du vin avec le<a href=\"https:\/\/www.isvin.fr\/formations\/bachelor-commerce-et-marketing-du-vin\/\" target=\"_blank\" rel=\"noopener\"> Bachelor Commerce &amp; Marketing des Vins et Spiritueux<\/a> de l\u2019ISV. Ce parcours professionnalisant en alternance vous plonge au c\u0153ur des enjeux commerciaux d\u2019un secteur en constante \u00e9volution.<\/p>\n<p>[\/et_pb_text][\/et_pb_column][\/et_pb_row][et_pb_row column_structure=\u00a0\u00bb2_5,3_5&Prime; _builder_version=\u00a0\u00bb4.27.4&Prime; _module_preset=\u00a0\u00bbdefault\u00a0\u00bb global_colors_info=\u00a0\u00bb{}\u00a0\u00bb][et_pb_column type=\u00a0\u00bb2_5&Prime; _builder_version=\u00a0\u00bb4.27.4&Prime; _module_preset=\u00a0\u00bbdefault\u00a0\u00bb global_colors_info=\u00a0\u00bb{}\u00a0\u00bb][et_pb_image src=\u00a0\u00bbhttps:\/\/www.isvin.fr\/wp-content\/uploads\/2025\/03\/b3-focus.jpg\u00a0\u00bb alt=\u00a0\u00bbformez-vous aux m\u00e9tiers du vin\u00a0\u00bb title_text=\u00a0\u00bbb3-focus\u00a0\u00bb _builder_version=\u00a0\u00bb4.27.4&Prime; _module_preset=\u00a0\u00bbdefault\u00a0\u00bb custom_margin=\u00a0\u00bb|15px|||false|false\u00a0\u00bb global_colors_info=\u00a0\u00bb{}\u00a0\u00bb][\/et_pb_image][\/et_pb_column][et_pb_column type=\u00a0\u00bb3_5&Prime; _builder_version=\u00a0\u00bb4.27.4&Prime; _module_preset=\u00a0\u00bbdefault\u00a0\u00bb global_colors_info=\u00a0\u00bb{}\u00a0\u00bb][et_pb_text _builder_version=\u00a0\u00bb4.27.4&Prime; _module_preset=\u00a0\u00bbdefault\u00a0\u00bb text_orientation=\u00a0\u00bbjustified\u00a0\u00bb global_colors_info=\u00a0\u00bb{}\u00a0\u00bb]<\/p>\n<p><strong>Une formation tourn\u00e9e vers l\u2019action et l\u2019expertise<\/strong><\/p>\n<p>Accessible apr\u00e8s un bac+2, ce Bachelor d\u2019un an vous permet d\u2019acqu\u00e9rir les comp\u00e9tences fondamentales pour \u00e9voluer rapidement dans les fonctions commerciales, marketing ou export d\u2019entreprises viticoles, de maisons de spiritueux ou de distributeurs. La formation repose sur une p\u00e9dagogie active, m\u00ealant cours th\u00e9oriques, \u00e9tudes de cas concrets, interventions de professionnels et immersion en entreprise.<\/p>\n<p>&nbsp;<\/p>\n<p><strong>Un programme construit autour des besoins du march\u00e9<\/strong><\/p>\n<p>Le programme s\u2019articule autour de plusieurs comp\u00e9tences, align\u00e9s sur les attentes des recruteurs du secteur :<\/p>\n<ul>\n<li><strong>Strat\u00e9gie commerciale et marketing appliqu\u00e9e au vin et aux spiritueux<\/strong><\/li>\n<li><strong>Techniques de n\u00e9gociation et vente BtoB\/BtoC<\/strong><\/li>\n<li><strong>Gestion de projet et d\u00e9veloppement commercial \u00e0 l\u2019international<\/strong><\/li>\n<li><strong>Communication de marque et outils digitaux<\/strong><\/li>\n<li><strong>Culture produit : \u0153nologie, march\u00e9s, r\u00e9glementation, logistique<\/strong><\/li>\n<\/ul>\n<p>Tout au long de l\u2019ann\u00e9e, les \u00e9tudiants participent \u00e0 des projets professionnels, des visites terrain (domaines, salons, entreprises), et des masterclass anim\u00e9es par des experts du secteur.<\/p>\n<p>&nbsp;<\/p>\n<p><strong>Un rythme en alternance pour une immersion concr\u00e8te<\/strong><\/p>\n<p>Le Bachelor est propos\u00e9 en <strong>alternance<\/strong>, selon un rythme de <strong>3 semaines en entreprise \/ 1 semaine \u00e0 l\u2019\u00e9cole<\/strong>. Ce format permet d\u2019ancrer rapidement les comp\u00e9tences acquises en cours dans des situations professionnelles concr\u00e8tes, tout en facilitant l\u2019insertion \u00e0 la fin de la formation.<\/p>\n<p>L\u2019alternance peut se faire sous contrat d\u2019apprentissage ou contrat de professionnalisation, selon le profil de l\u2019\u00e9tudiant et les modalit\u00e9s de l\u2019entreprise d\u2019accueil.<\/p>\n<p>[\/et_pb_text][\/et_pb_column][\/et_pb_row][et_pb_row column_structure=\u00a0\u00bb3_5,2_5&Prime; _builder_version=\u00a0\u00bb4.27.4&Prime; _module_preset=\u00a0\u00bbdefault\u00a0\u00bb global_colors_info=\u00a0\u00bb{}\u00a0\u00bb][et_pb_column type=\u00a0\u00bb3_5&Prime; _builder_version=\u00a0\u00bb4.27.4&Prime; _module_preset=\u00a0\u00bbdefault\u00a0\u00bb global_colors_info=\u00a0\u00bb{}\u00a0\u00bb][et_pb_text _builder_version=\u00a0\u00bb4.27.4&Prime; _module_preset=\u00a0\u00bbdefault\u00a0\u00bb text_orientation=\u00a0\u00bbjustified\u00a0\u00bb global_colors_info=\u00a0\u00bb{}\u00a0\u00bb]<\/p>\n<p><strong>Un processus d\u2019admission fluide et personnalis\u00e9<\/strong><\/p>\n<p>Notre processus d\u2019admission est con\u00e7u pour \u00eatre <strong>humain, r\u00e9actif et adapt\u00e9 \u00e0 votre projet<\/strong>.<\/p>\n<p>D\u00e8s le premier contact, vous \u00eates accompagn\u00e9 \u00e0 chaque \u00e9tape :<\/p>\n<ul>\n<li><strong>Premier \u00e9change t\u00e9l\u00e9phonique<\/strong><\/li>\n<\/ul>\n<p>Un temps d\u2019\u00e9coute pour r\u00e9pondre \u00e0 vos questions et mieux cerner votre projet.<\/p>\n<ul>\n<li><strong>Dossier de candidature<\/strong><\/li>\n<\/ul>\n<p>CV, dernier dipl\u00f4me obtenu (et en cours si applicable), bulletins de notes, motivations : nous prenons en compte l\u2019ensemble de votre parcours.<\/p>\n<ul>\n<li><strong>Entretien de motivation + \u00e9preuve de synth\u00e8se<\/strong><\/li>\n<\/ul>\n<p>Un entretien de 30 minutes en visio et une \u00e9preuve de 1h30 pour mieux comprendre votre profil et vos aptitudes.<\/p>\n<ul>\n<li><strong>R\u00e9ponse sous 2 \u00e0 3 jours<\/strong><\/li>\n<\/ul>\n<p>&nbsp;<\/p>\n<p><strong>\u00a0<\/strong>D\u00e8s validation, vous entrez dans notre <strong>phase d\u2019accompagnement \u00e0 l\u2019alternance<\/strong>.<\/p>\n<p>[\/et_pb_text][\/et_pb_column][et_pb_column type=\u00a0\u00bb2_5&Prime; _builder_version=\u00a0\u00bb4.27.4&Prime; _module_preset=\u00a0\u00bbdefault\u00a0\u00bb global_colors_info=\u00a0\u00bb{}\u00a0\u00bb][et_pb_image src=\u00a0\u00bbhttps:\/\/www.isvin.fr\/wp-content\/uploads\/2025\/03\/b3FOCUS.jpg\u00a0\u00bb alt=\u00a0\u00bbFormez vous aux m\u00e9tiers du vin \u00a0\u00bb title_text=\u00a0\u00bbb3FOCUS\u00a0\u00bb _builder_version=\u00a0\u00bb4.27.4&Prime; _module_preset=\u00a0\u00bbdefault\u00a0\u00bb custom_margin=\u00a0\u00bb|||30px|false|false\u00a0\u00bb global_colors_info=\u00a0\u00bb{}\u00a0\u00bb][\/et_pb_image][\/et_pb_column][\/et_pb_row][et_pb_row column_structure=\u00a0\u00bb1_2,1_2&Prime; _builder_version=\u00a0\u00bb4.27.4&Prime; _module_preset=\u00a0\u00bbdefault\u00a0\u00bb global_colors_info=\u00a0\u00bb{}\u00a0\u00bb][et_pb_column type=\u00a0\u00bb1_2&Prime; _builder_version=\u00a0\u00bb4.27.4&Prime; _module_preset=\u00a0\u00bbdefault\u00a0\u00bb global_colors_info=\u00a0\u00bb{}\u00a0\u00bb][et_pb_text _builder_version=\u00a0\u00bb4.27.4&Prime; _module_preset=\u00a0\u00bbdefault\u00a0\u00bb text_orientation=\u00a0\u00bbjustified\u00a0\u00bb custom_margin=\u00a0\u00bb|20px|||false|false\u00a0\u00bb global_colors_info=\u00a0\u00bb{}\u00a0\u00bb]<\/p>\n<p><strong>Un vrai accompagnement jusqu\u2019\u00e0 l\u2019entreprise<\/strong><\/p>\n<p>L\u2019admission \u00e0 l\u2019ISV, c\u2019est le d\u00e9but d\u2019un\u00a0<strong>coaching sur-mesure<\/strong>\u00a0pour trouver votre alternance :<\/p>\n<ul>\n<li>Relecture et conseils personnalis\u00e9s sur votre CV et vos mails de motivation<\/li>\n<li>Brief individuel sur votre projet professionnel et les missions possibles<\/li>\n<li>Informations cl\u00e9s : aides \u00e0 l\u2019apprentissage, r\u00e9mun\u00e9ration, financement<\/li>\n<\/ul>\n<p>Vous acc\u00e9dez \u00e9galement \u00e0 notre\u00a0<strong>plateforme alternance<\/strong>, avec les offres de nos partenaires, et votre profil est int\u00e9gr\u00e9 \u00e0 notre\u00a0<strong>CVth\u00e8que entreprise<\/strong>. Un point r\u00e9gulier toutes les 3 \u00e0 4 semaines permet de faire le bilan, ajuster les d\u00e9marches, et garder le cap jusqu\u2019\u00e0 la signature du contrat.<\/p>\n<p>[\/et_pb_text][\/et_pb_column][et_pb_column type=\u00a0\u00bb1_2&Prime; _builder_version=\u00a0\u00bb4.27.4&Prime; _module_preset=\u00a0\u00bbdefault\u00a0\u00bb global_colors_info=\u00a0\u00bb{}\u00a0\u00bb][et_pb_text _builder_version=\u00a0\u00bb4.27.4&Prime; _module_preset=\u00a0\u00bbdefault\u00a0\u00bb text_orientation=\u00a0\u00bbjustified\u00a0\u00bb custom_margin=\u00a0\u00bb|||30px|false|false\u00a0\u00bb global_colors_info=\u00a0\u00bb{}\u00a0\u00bb]<\/p>\n<p><strong>Et apr\u00e8s ? De vrais d\u00e9bouch\u00e9s dans un secteur porteur<\/strong><\/p>\n<p>Le Bachelor d\u00e9bouche sur de nombreuses opportunit\u00e9s professionnelles dans un secteur dynamique et en constante \u00e9volution. Quelques exemples de m\u00e9tiers accessibles apr\u00e8s la formation :<\/p>\n<ul>\n<li>Commercial France ou Export<\/li>\n<li>Chef de secteur<\/li>\n<li>Responsable marketing junior<\/li>\n<li>Charg\u00e9(e) de communication ou d\u2019\u00e9v\u00e9nementiel<\/li>\n<li>Assistant(e) chef de produit<\/li>\n<li>Responsable boutique ou caviste<\/li>\n<li>Business developer en start-up vins &amp; spiritueux<\/li>\n<\/ul>\n<p>Gr\u00e2ce \u00e0 l\u2019alternance, plus de\u00a0<strong>70 % de nos \u00e9tudiants trouvent un emploi dans les 6 mois suivant la fin de leur formation<\/strong>, souvent dans leur entreprise d\u2019accueil.<\/p>\n<p>[\/et_pb_text][\/et_pb_column][\/et_pb_row][\/et_pb_section]<\/p>\n","protected":false},"excerpt":{"rendered":"<p>[et_pb_section fb_built=\u00a0\u00bb1&Prime; admin_label=\u00a0\u00bbsection\u00a0\u00bb _builder_version=\u00a0\u00bb4.27.4&Prime; global_colors_info=\u00a0\u00bb{}\u00a0\u00bb][et_pb_row _builder_version=\u00a0\u00bb4.27.4&Prime; _module_preset=\u00a0\u00bbdefault\u00a0\u00bb collapsed=\u00a0\u00bboff\u00a0\u00bb global_colors_info=\u00a0\u00bb{}\u00a0\u00bb][et_pb_column type=\u00a0\u00bb4_4&Prime; _builder_version=\u00a0\u00bb4.27.4&Prime; _module_preset=\u00a0\u00bbdefault\u00a0\u00bb global_colors_info=\u00a0\u00bb{}\u00a0\u00bb][et_pb_text _builder_version=\u00a0\u00bb4.27.4&Prime; _module_preset=\u00a0\u00bbdefault\u00a0\u00bb custom_margin=\u00a0\u00bb||15px||false|false\u00a0\u00bb custom_padding=\u00a0\u00bb||15px||false|false\u00a0\u00bb global_colors_info=\u00a0\u00bb{}\u00a0\u00bb] Formez-vous aux m\u00e9tiers du vin avec le Bachelor Commerce &amp; Marketing des Vins et Spiritueux de l\u2019ISV. Ce parcours professionnalisant en alternance vous plonge au c\u0153ur des enjeux commerciaux d\u2019un secteur en constante \u00e9volution. [\/et_pb_text][\/et_pb_column][\/et_pb_row][et_pb_row column_structure=\u00a0\u00bb2_5,3_5&Prime; _builder_version=\u00a0\u00bb4.27.4&Prime; [&hellip;]<\/p>\n","protected":false},"author":153251,"featured_media":15993,"comment_status":"closed","ping_status":"closed","sticky":false,"template":"","format":"standard","meta":{"_acf_changed":false,"_seopress_robots_primary_cat":"","_seopress_titles_title":"","_seopress_titles_desc":"&quot;Focus Bachelor : Formez-vous aux m\u00e9tiers du vin avec l\u2019ISV et int\u00e9grez un secteur passionnant gr\u00e2ce \u00e0 une formation professionnalisante.","_seopress_robots_index":"","footnotes":""},"categories":[8,6,5],"tags":[],"class_list":["post-15957","post","type-post","status-publish","format-standard","has-post-thumbnail","hentry","category-actualites","category-de-lisv","category-du-blog"],"acf":[],"_links":{"self":[{"href":"https:\/\/www.isvin.fr\/en\/wp-json\/wp\/v2\/posts\/15957","targetHints":{"allow":["GET"]}}],"collection":[{"href":"https:\/\/www.isvin.fr\/en\/wp-json\/wp\/v2\/posts"}],"about":[{"href":"https:\/\/www.isvin.fr\/en\/wp-json\/wp\/v2\/types\/post"}],"author":[{"embeddable":true,"href":"https:\/\/www.isvin.fr\/en\/wp-json\/wp\/v2\/users\/153251"}],"replies":[{"embeddable":true,"href":"https:\/\/www.isvin.fr\/en\/wp-json\/wp\/v2\/comments?post=15957"}],"version-history":[{"count":0,"href":"https:\/\/www.isvin.fr\/en\/wp-json\/wp\/v2\/posts\/15957\/revisions"}],"wp:featuredmedia":[{"embeddable":true,"href":"https:\/\/www.isvin.fr\/en\/wp-json\/wp\/v2\/media\/15993"}],"wp:attachment":[{"href":"https:\/\/www.isvin.fr\/en\/wp-json\/wp\/v2\/media?parent=15957"}],"wp:term":[{"taxonomy":"category","embeddable":true,"href":"https:\/\/www.isvin.fr\/en\/wp-json\/wp\/v2\/categories?post=15957"},{"taxonomy":"post_tag","embeddable":true,"href":"https:\/\/www.isvin.fr\/en\/wp-json\/wp\/v2\/tags?post=15957"}],"curies":[{"name":"wp","href":"https:\/\/api.w.org\/{rel}","templated":true}]}}